{"id":812,"date":"2020-08-01T09:33:56","date_gmt":"2020-08-01T07:33:56","guid":{"rendered":"http:\/\/localhost:8888\/neo\/parc-du-verregat\/"},"modified":"2024-05-16T08:36:36","modified_gmt":"2024-05-16T06:36:36","slug":"parc-du-verregat","status":"publish","type":"post","link":"https:\/\/neobrussels.com\/nl\/parc-du-verregat\/","title":{"rendered":"Verregatpark"},"content":{"rendered":"\r\n<p>Het Verregatpark werd ingehuldigd in december 2022. Het werd vergroot van 1,2 naar 1,7 hectare en beschikt over brede paden voor voetgangers en fietsers die van Parking C naar de voorkant van de Tentoonstellingspaleizen en het Koning Boudewijnstadion lopen. Zo ontstaat een verbinding tussen de Romeinsesteenweg en de Keizerin Charlottelaan. Nieuwe voorzieningen zoals een speeltuin, een basketbal- en voetbalveld, tafelvoetbaltafels en dergelijke zijn ge\u00efnstalleerd.<\/p>\r\n","protected":false},"excerpt":{"rendered":"<p>Het Verregatpark werd ingehuldigd in december 2022. Het werd vergroot van 1,2 naar 1,7 hectare en beschikt over brede paden voor voetgangers en fietsers die&#8230; <a class=\"more\" href=\"https:\/\/neobrussels.com\/nl\/parc-du-verregat\/\">Doorgaan<\/a><\/p>\n","protected":false},"author":1,"featured_media":856,"comment_status":"open","ping_status":"open","sticky":false,"template":"","format":"standard","meta":{"_acf_changed":false,"footnotes":""},"categories":[29],"tags":[],"class_list":["post-812","post","type-post","status-publish","format-standard","has-post-thumbnail","hentry","category-groene-ruimten"],"acf":[],"yoast_head":"<!-- This site is optimized with the Yoast SEO plugin v24.2 - https:\/\/yoast.com\/wordpress\/plugins\/seo\/ -->\n<title>Verregatpark - NEO<\/title>\n<meta name=\"robots\" content=\"index, follow, max-snippet:-1, max-image-preview:large, max-video-preview:-1\" \/>\n<link rel=\"canonical\" href=\"https:\/\/neobrussels.com\/nl\/parc-du-verregat\/\" \/>\n<meta property=\"og:locale\" content=\"nl_NL\" \/>\n<meta property=\"og:type\" content=\"article\" \/>\n<meta property=\"og:title\" content=\"Verregatpark - NEO\" \/>\n<meta property=\"og:description\" content=\"Het Verregatpark werd ingehuldigd in december 2022. Het werd vergroot van 1,2 naar 1,7 hectare en beschikt over brede paden voor voetgangers en fietsers die... Doorgaan\" \/>\n<meta property=\"og:url\" content=\"https:\/\/neobrussels.com\/nl\/parc-du-verregat\/\" \/>\n<meta property=\"og:site_name\" content=\"NEO\" \/>\n<meta property=\"article:published_time\" content=\"2020-08-01T07:33:56+00:00\" \/>\n<meta property=\"article:modified_time\" content=\"2024-05-16T06:36:36+00:00\" \/>\n<meta property=\"og:image\" content=\"https:\/\/neobrussels.com\/wp-content\/uploads\/2020\/08\/Verregat-1.jpg\" \/>\n\t<meta property=\"og:image:width\" content=\"1200\" \/>\n\t<meta property=\"og:image:height\" content=\"1200\" \/>\n\t<meta property=\"og:image:type\" content=\"image\/jpeg\" \/>\n<meta name=\"author\" content=\"ali@digitalpark.be\" \/>\n<meta name=\"twitter:card\" content=\"summary_large_image\" \/>\n<meta name=\"twitter:label1\" content=\"Geschreven door\" \/>\n\t<meta name=\"twitter:data1\" content=\"ali@digitalpark.be\" \/>\n<script type=\"application\/ld+json\" class=\"yoast-schema-graph\">{\"@context\":\"https:\/\/schema.org\",\"@graph\":[{\"@type\":\"Article\",\"@id\":\"https:\/\/neobrussels.com\/nl\/parc-du-verregat\/#article\",\"isPartOf\":{\"@id\":\"https:\/\/neobrussels.com\/nl\/parc-du-verregat\/\"},\"author\":{\"name\":\"ali@digitalpark.be\",\"@id\":\"https:\/\/neobrussels.com\/nl\/#\/schema\/person\/bcfa53d363bcb7f8f0b1fd41a89cd4c0\"},\"headline\":\"Verregatpark\",\"datePublished\":\"2020-08-01T07:33:56+00:00\",\"dateModified\":\"2024-05-16T06:36:36+00:00\",\"mainEntityOfPage\":{\"@id\":\"https:\/\/neobrussels.com\/nl\/parc-du-verregat\/\"},\"wordCount\":63,\"commentCount\":0,\"publisher\":{\"@id\":\"https:\/\/neobrussels.com\/nl\/#organization\"},\"image\":{\"@id\":\"https:\/\/neobrussels.com\/nl\/parc-du-verregat\/#primaryimage\"},\"thumbnailUrl\":\"https:\/\/neobrussels.com\/wp-content\/uploads\/2020\/08\/Verregat-1.jpg\",\"articleSection\":[\"Groene ruimten\"],\"inLanguage\":\"nl-NL\",\"potentialAction\":[{\"@type\":\"CommentAction\",\"name\":\"Comment\",\"target\":[\"https:\/\/neobrussels.com\/nl\/parc-du-verregat\/#respond\"]}]},{\"@type\":\"WebPage\",\"@id\":\"https:\/\/neobrussels.com\/nl\/parc-du-verregat\/\",\"url\":\"https:\/\/neobrussels.com\/nl\/parc-du-verregat\/\",\"name\":\"Verregatpark - NEO\",\"isPartOf\":{\"@id\":\"https:\/\/neobrussels.com\/nl\/#website\"},\"primaryImageOfPage\":{\"@id\":\"https:\/\/neobrussels.com\/nl\/parc-du-verregat\/#primaryimage\"},\"image\":{\"@id\":\"https:\/\/neobrussels.com\/nl\/parc-du-verregat\/#primaryimage\"},\"thumbnailUrl\":\"https:\/\/neobrussels.com\/wp-content\/uploads\/2020\/08\/Verregat-1.jpg\",\"datePublished\":\"2020-08-01T07:33:56+00:00\",\"dateModified\":\"2024-05-16T06:36:36+00:00\",\"breadcrumb\":{\"@id\":\"https:\/\/neobrussels.com\/nl\/parc-du-verregat\/#breadcrumb\"},\"inLanguage\":\"nl-NL\",\"potentialAction\":[{\"@type\":\"ReadAction\",\"target\":[\"https:\/\/neobrussels.com\/nl\/parc-du-verregat\/\"]}]},{\"@type\":\"ImageObject\",\"inLanguage\":\"nl-NL\",\"@id\":\"https:\/\/neobrussels.com\/nl\/parc-du-verregat\/#primaryimage\",\"url\":\"https:\/\/neobrussels.com\/wp-content\/uploads\/2020\/08\/Verregat-1.jpg\",\"contentUrl\":\"https:\/\/neobrussels.com\/wp-content\/uploads\/2020\/08\/Verregat-1.jpg\",\"width\":1200,\"height\":1200},{\"@type\":\"BreadcrumbList\",\"@id\":\"https:\/\/neobrussels.com\/nl\/parc-du-verregat\/#breadcrumb\",\"itemListElement\":[{\"@type\":\"ListItem\",\"position\":1,\"name\":\"Accueil\",\"item\":\"https:\/\/neobrussels.com\/nl\/\"},{\"@type\":\"ListItem\",\"position\":2,\"name\":\"Verregatpark\"}]},{\"@type\":\"WebSite\",\"@id\":\"https:\/\/neobrussels.com\/nl\/#website\",\"url\":\"https:\/\/neobrussels.com\/nl\/\",\"name\":\"NEO Brussels\",\"description\":\"D\u00e9veloppement et r\u00e9am\u00e9nagement du plateau du Heysel. Une nouvelle ambition pour Bruxelles.\",\"publisher\":{\"@id\":\"https:\/\/neobrussels.com\/nl\/#organization\"},\"potentialAction\":[{\"@type\":\"SearchAction\",\"target\":{\"@type\":\"EntryPoint\",\"urlTemplate\":\"https:\/\/neobrussels.com\/nl\/?s={search_term_string}\"},\"query-input\":{\"@type\":\"PropertyValueSpecification\",\"valueRequired\":true,\"valueName\":\"search_term_string\"}}],\"inLanguage\":\"nl-NL\"},{\"@type\":\"Organization\",\"@id\":\"https:\/\/neobrussels.com\/nl\/#organization\",\"name\":\"NEO\",\"url\":\"https:\/\/neobrussels.com\/nl\/\",\"logo\":{\"@type\":\"ImageObject\",\"inLanguage\":\"nl-NL\",\"@id\":\"https:\/\/neobrussels.com\/nl\/#\/schema\/logo\/image\/\",\"url\":\"https:\/\/neobrussels.com\/wp-content\/uploads\/2025\/01\/Sans-titre-2.png\",\"contentUrl\":\"https:\/\/neobrussels.com\/wp-content\/uploads\/2025\/01\/Sans-titre-2.png\",\"width\":186,\"height\":228,\"caption\":\"NEO\"},\"image\":{\"@id\":\"https:\/\/neobrussels.com\/nl\/#\/schema\/logo\/image\/\"},\"sameAs\":[\"https:\/\/www.linkedin.com\/company\/103968427\/admin\/dashboard\/\"]},{\"@type\":\"Person\",\"@id\":\"https:\/\/neobrussels.com\/nl\/#\/schema\/person\/bcfa53d363bcb7f8f0b1fd41a89cd4c0\",\"name\":\"ali@digitalpark.be\",\"image\":{\"@type\":\"ImageObject\",\"inLanguage\":\"nl-NL\",\"@id\":\"https:\/\/neobrussels.com\/nl\/#\/schema\/person\/image\/\",\"url\":\"https:\/\/secure.gravatar.com\/avatar\/743b16df7aee779cca6ac5a60d918741?s=96&d=mm&r=g\",\"contentUrl\":\"https:\/\/secure.gravatar.com\/avatar\/743b16df7aee779cca6ac5a60d918741?s=96&d=mm&r=g\",\"caption\":\"ali@digitalpark.be\"},\"sameAs\":[\"http:\/\/localhost:8888\/neo\"],\"url\":\"https:\/\/neobrussels.com\/nl\/author\/alidigitalpark-be\/\"}]}<\/script>\n<!-- \/ Yoast SEO plugin. -->","yoast_head_json":{"title":"Verregatpark - NEO","robots":{"index":"index","follow":"follow","max-snippet":"max-snippet:-1","max-image-preview":"max-image-preview:large","max-video-preview":"max-video-preview:-1"},"canonical":"https:\/\/neobrussels.com\/nl\/parc-du-verregat\/","og_locale":"nl_NL","og_type":"article","og_title":"Verregatpark - NEO","og_description":"Het Verregatpark werd ingehuldigd in december 2022. Het werd vergroot van 1,2 naar 1,7 hectare en beschikt over brede paden voor voetgangers en fietsers die... Doorgaan","og_url":"https:\/\/neobrussels.com\/nl\/parc-du-verregat\/","og_site_name":"NEO","article_published_time":"2020-08-01T07:33:56+00:00","article_modified_time":"2024-05-16T06:36:36+00:00","og_image":[{"width":1200,"height":1200,"url":"https:\/\/neobrussels.com\/wp-content\/uploads\/2020\/08\/Verregat-1.jpg","type":"image\/jpeg"}],"author":"ali@digitalpark.be","twitter_card":"summary_large_image","twitter_misc":{"Geschreven door":"ali@digitalpark.be"},"schema":{"@context":"https:\/\/schema.org","@graph":[{"@type":"Article","@id":"https:\/\/neobrussels.com\/nl\/parc-du-verregat\/#article","isPartOf":{"@id":"https:\/\/neobrussels.com\/nl\/parc-du-verregat\/"},"author":{"name":"ali@digitalpark.be","@id":"https:\/\/neobrussels.com\/nl\/#\/schema\/person\/bcfa53d363bcb7f8f0b1fd41a89cd4c0"},"headline":"Verregatpark","datePublished":"2020-08-01T07:33:56+00:00","dateModified":"2024-05-16T06:36:36+00:00","mainEntityOfPage":{"@id":"https:\/\/neobrussels.com\/nl\/parc-du-verregat\/"},"wordCount":63,"commentCount":0,"publisher":{"@id":"https:\/\/neobrussels.com\/nl\/#organization"},"image":{"@id":"https:\/\/neobrussels.com\/nl\/parc-du-verregat\/#primaryimage"},"thumbnailUrl":"https:\/\/neobrussels.com\/wp-content\/uploads\/2020\/08\/Verregat-1.jpg","articleSection":["Groene ruimten"],"inLanguage":"nl-NL","potentialAction":[{"@type":"CommentAction","name":"Comment","target":["https:\/\/neobrussels.com\/nl\/parc-du-verregat\/#respond"]}]},{"@type":"WebPage","@id":"https:\/\/neobrussels.com\/nl\/parc-du-verregat\/","url":"https:\/\/neobrussels.com\/nl\/parc-du-verregat\/","name":"Verregatpark - NEO","isPartOf":{"@id":"https:\/\/neobrussels.com\/nl\/#website"},"primaryImageOfPage":{"@id":"https:\/\/neobrussels.com\/nl\/parc-du-verregat\/#primaryimage"},"image":{"@id":"https:\/\/neobrussels.com\/nl\/parc-du-verregat\/#primaryimage"},"thumbnailUrl":"https:\/\/neobrussels.com\/wp-content\/uploads\/2020\/08\/Verregat-1.jpg","datePublished":"2020-08-01T07:33:56+00:00","dateModified":"2024-05-16T06:36:36+00:00","breadcrumb":{"@id":"https:\/\/neobrussels.com\/nl\/parc-du-verregat\/#breadcrumb"},"inLanguage":"nl-NL","potentialAction":[{"@type":"ReadAction","target":["https:\/\/neobrussels.com\/nl\/parc-du-verregat\/"]}]},{"@type":"ImageObject","inLanguage":"nl-NL","@id":"https:\/\/neobrussels.com\/nl\/parc-du-verregat\/#primaryimage","url":"https:\/\/neobrussels.com\/wp-content\/uploads\/2020\/08\/Verregat-1.jpg","contentUrl":"https:\/\/neobrussels.com\/wp-content\/uploads\/2020\/08\/Verregat-1.jpg","width":1200,"height":1200},{"@type":"BreadcrumbList","@id":"https:\/\/neobrussels.com\/nl\/parc-du-verregat\/#breadcrumb","itemListElement":[{"@type":"ListItem","position":1,"name":"Accueil","item":"https:\/\/neobrussels.com\/nl\/"},{"@type":"ListItem","position":2,"name":"Verregatpark"}]},{"@type":"WebSite","@id":"https:\/\/neobrussels.com\/nl\/#website","url":"https:\/\/neobrussels.com\/nl\/","name":"NEO Brussels","description":"D\u00e9veloppement et r\u00e9am\u00e9nagement du plateau du Heysel. Une nouvelle ambition pour Bruxelles.","publisher":{"@id":"https:\/\/neobrussels.com\/nl\/#organization"},"potentialAction":[{"@type":"SearchAction","target":{"@type":"EntryPoint","urlTemplate":"https:\/\/neobrussels.com\/nl\/?s={search_term_string}"},"query-input":{"@type":"PropertyValueSpecification","valueRequired":true,"valueName":"search_term_string"}}],"inLanguage":"nl-NL"},{"@type":"Organization","@id":"https:\/\/neobrussels.com\/nl\/#organization","name":"NEO","url":"https:\/\/neobrussels.com\/nl\/","logo":{"@type":"ImageObject","inLanguage":"nl-NL","@id":"https:\/\/neobrussels.com\/nl\/#\/schema\/logo\/image\/","url":"https:\/\/neobrussels.com\/wp-content\/uploads\/2025\/01\/Sans-titre-2.png","contentUrl":"https:\/\/neobrussels.com\/wp-content\/uploads\/2025\/01\/Sans-titre-2.png","width":186,"height":228,"caption":"NEO"},"image":{"@id":"https:\/\/neobrussels.com\/nl\/#\/schema\/logo\/image\/"},"sameAs":["https:\/\/www.linkedin.com\/company\/103968427\/admin\/dashboard\/"]},{"@type":"Person","@id":"https:\/\/neobrussels.com\/nl\/#\/schema\/person\/bcfa53d363bcb7f8f0b1fd41a89cd4c0","name":"ali@digitalpark.be","image":{"@type":"ImageObject","inLanguage":"nl-NL","@id":"https:\/\/neobrussels.com\/nl\/#\/schema\/person\/image\/","url":"https:\/\/secure.gravatar.com\/avatar\/743b16df7aee779cca6ac5a60d918741?s=96&d=mm&r=g","contentUrl":"https:\/\/secure.gravatar.com\/avatar\/743b16df7aee779cca6ac5a60d918741?s=96&d=mm&r=g","caption":"ali@digitalpark.be"},"sameAs":["http:\/\/localhost:8888\/neo"],"url":"https:\/\/neobrussels.com\/nl\/author\/alidigitalpark-be\/"}]}},"_links":{"self":[{"href":"https:\/\/neobrussels.com\/nl\/wp-json\/wp\/v2\/posts\/812","targetHints":{"allow":["GET"]}}],"collection":[{"href":"https:\/\/neobrussels.com\/nl\/wp-json\/wp\/v2\/posts"}],"about":[{"href":"https:\/\/neobrussels.com\/nl\/wp-json\/wp\/v2\/types\/post"}],"author":[{"embeddable":true,"href":"https:\/\/neobrussels.com\/nl\/wp-json\/wp\/v2\/users\/1"}],"replies":[{"embeddable":true,"href":"https:\/\/neobrussels.com\/nl\/wp-json\/wp\/v2\/comments?post=812"}],"version-history":[{"count":4,"href":"https:\/\/neobrussels.com\/nl\/wp-json\/wp\/v2\/posts\/812\/revisions"}],"predecessor-version":[{"id":2326,"href":"https:\/\/neobrussels.com\/nl\/wp-json\/wp\/v2\/posts\/812\/revisions\/2326"}],"wp:featuredmedia":[{"embeddable":true,"href":"https:\/\/neobrussels.com\/nl\/wp-json\/wp\/v2\/media\/856"}],"wp:attachment":[{"href":"https:\/\/neobrussels.com\/nl\/wp-json\/wp\/v2\/media?parent=812"}],"wp:term":[{"taxonomy":"category","embeddable":true,"href":"https:\/\/neobrussels.com\/nl\/wp-json\/wp\/v2\/categories?post=812"},{"taxonomy":"post_tag","embeddable":true,"href":"https:\/\/neobrussels.com\/nl\/wp-json\/wp\/v2\/tags?post=812"}],"curies":[{"name":"wp","href":"https:\/\/api.w.org\/{rel}","templated":true}]}}