{"id":2763,"date":"2025-08-25T18:27:09","date_gmt":"2025-08-25T16:27:09","guid":{"rendered":"https:\/\/neobrussels.com\/le-design-museum-brussels-propose-4-magnifiques-expos-cette-ete\/"},"modified":"2025-09-15T17:11:22","modified_gmt":"2025-09-15T15:11:22","slug":"le-design-museum-brussels-propose-4-magnifiques-expos-cette-ete","status":"publish","type":"post","link":"https:\/\/neobrussels.com\/nl\/le-design-museum-brussels-propose-4-magnifiques-expos-cette-ete\/","title":{"rendered":"Augustus 2025: het Design Museum Brussels organiseert vier prachtige tentoonstellingen!"},"content":{"rendered":"<p><span style=\"font-weight: 400;\">Het Design Museum Brussels organiseert deze zomer vier prachtige tentoonstellingen!<\/span><\/p>\n<p><a href=\"https:\/\/neobrussels.com\/nl\/toegang-groot-publiek\/het-project\/\"><span style=\"font-weight: 400;\">Neo Brussels <\/span><\/a><span style=\"font-weight: 400;\">zet zijn tour langs de buren voort&#8230;<\/span><\/p>\n<p><span style=\"font-weight: 400;\">De eerste tentoonstelling, in Californische stijl, komt van het Design Museum in&#8230; Londen!<\/span><\/p>\n<p dir=\"ltr\"><span style=\"font-weight: 400;\">Tot 14 september neemt &#8216;<\/span><a href=\"about:blank\"><span style=\"font-weight: 400;\">Skateboard<\/span><\/a><span style=\"font-weight: 400;\">&#8216; ons mee terug naar de jaren 1950, met een &#8220;kunst&#8221; die uitgegroeid is van een kinderhobby tot een van de populairste, toegankelijkste en spectaculairste sporten ter wereld: skateboarden! De tentoonstelling toont de opmerkelijke evolutie van het design en de prestaties door de jaren heen.<\/span><\/p>\n<p><img loading=\"lazy\" decoding=\"async\" class=\"size-medium wp-image-2726\" src=\"https:\/\/neobrussels.com\/wp-content\/uploads\/2025\/08\/Skateboard-_-Design-Museum-Brussels-2025-_-Twane-Photography_15-900x600.jpg\" alt=\"\" width=\"900\" height=\"600\" srcset=\"https:\/\/neobrussels.com\/wp-content\/uploads\/2025\/08\/Skateboard-_-Design-Museum-Brussels-2025-_-Twane-Photography_15-900x600.jpg 900w, https:\/\/neobrussels.com\/wp-content\/uploads\/2025\/08\/Skateboard-_-Design-Museum-Brussels-2025-_-Twane-Photography_15-1500x1000.jpg 1500w, https:\/\/neobrussels.com\/wp-content\/uploads\/2025\/08\/Skateboard-_-Design-Museum-Brussels-2025-_-Twane-Photography_15-768x512.jpg 768w, https:\/\/neobrussels.com\/wp-content\/uploads\/2025\/08\/Skateboard-_-Design-Museum-Brussels-2025-_-Twane-Photography_15-1536x1024.jpg 1536w, https:\/\/neobrussels.com\/wp-content\/uploads\/2025\/08\/Skateboard-_-Design-Museum-Brussels-2025-_-Twane-Photography_15-1200x800.jpg 1200w, https:\/\/neobrussels.com\/wp-content\/uploads\/2025\/08\/Skateboard-_-Design-Museum-Brussels-2025-_-Twane-Photography_15-1980x1320.jpg 1980w, https:\/\/neobrussels.com\/wp-content\/uploads\/2025\/08\/Skateboard-_-Design-Museum-Brussels-2025-_-Twane-Photography_15.jpg 2048w\" sizes=\"auto, (max-width: 900px) 100vw, 900px\" \/><\/p>\n<p dir=\"ltr\">Foto \u00a9Twane Photography<\/p>\n<p><span style=\"font-weight: 400;\">Skateboarden staat ook in de schijnwerpers in een tweede tentoonstelling, die ook te bezoeken is tot 14 september: &#8216;<\/span><a href=\"https:\/\/designmuseum.brussels\/nl\/skateboard-en-fotografie\/\"><span style=\"font-weight: 400;\">Skateboard en fotografie<\/span><\/a><span style=\"font-weight: 400;\">&#8216; brengt tien werken samen van Belgische fotografen van alle generaties die hun aandacht hebben gericht op de wereld van het skateboarden. Elke foto vertelt een uniek verhaal over prestaties, passie, urban esthetiek en de vrijheid van het skateboarden.<\/span><\/p>\n<p dir=\"ltr\"><span style=\"font-weight: 400;\">In het kader van het roulerend voorzitterschap van de EU, dat gedurende de eerste zes maanden van 2025 verzorgd werd door Polen, is er nog een andere tentoonstelling: &#8216;<\/span><a href=\"https:\/\/designmuseum.brussels\/looking-through-objects-women-in-contemporary-polish-design\/\"><span style=\"font-weight: 400;\">Looking Through Objects: Women in Contemporary Polish Design<\/span><\/a><span style=\"font-weight: 400;\">&#8216;. Van productontwerp tot eenmalige stukken presenteren zestien Poolse vrouwelijke ontwerpers presenteren hun creaties en illustreren ze de belangrijke rol die vrouwelijke ontwerpers vandaag spelen in Polen. Nog tot 28 september.<\/span><\/p>\n<p dir=\"ltr\"><img loading=\"lazy\" decoding=\"async\" class=\"alignnone size-medium wp-image-2729\" src=\"https:\/\/neobrussels.com\/wp-content\/uploads\/2025\/08\/Looking-Though-Objects-_-Design-Museum-Brussels_33-900x600.jpg\" alt=\"\" width=\"900\" height=\"600\" srcset=\"https:\/\/neobrussels.com\/wp-content\/uploads\/2025\/08\/Looking-Though-Objects-_-Design-Museum-Brussels_33-900x600.jpg 900w, https:\/\/neobrussels.com\/wp-content\/uploads\/2025\/08\/Looking-Though-Objects-_-Design-Museum-Brussels_33-1500x1000.jpg 1500w, https:\/\/neobrussels.com\/wp-content\/uploads\/2025\/08\/Looking-Though-Objects-_-Design-Museum-Brussels_33-768x512.jpg 768w, https:\/\/neobrussels.com\/wp-content\/uploads\/2025\/08\/Looking-Though-Objects-_-Design-Museum-Brussels_33-1536x1024.jpg 1536w, https:\/\/neobrussels.com\/wp-content\/uploads\/2025\/08\/Looking-Though-Objects-_-Design-Museum-Brussels_33-2048x1365.jpg 2048w, https:\/\/neobrussels.com\/wp-content\/uploads\/2025\/08\/Looking-Though-Objects-_-Design-Museum-Brussels_33-1200x800.jpg 1200w, https:\/\/neobrussels.com\/wp-content\/uploads\/2025\/08\/Looking-Though-Objects-_-Design-Museum-Brussels_33-1980x1320.jpg 1980w\" sizes=\"auto, (max-width: 900px) 100vw, 900px\" \/><\/p>\n<p dir=\"ltr\">@Design Brussels Museum<\/p>\n<p><span style=\"font-weight: 400;\">Tot slot, als onderdeel van &#8216;Art Deco 2025&#8217; presenteert het Design Museum de tentoonstelling <\/span><a href=\"https:\/\/designmuseum.brussels\/nl\/parijs-brussel-en-terug-de-art-deco-periode-van-het-echtpaar-baucher-feron\/\"><span style=\"font-weight: 400;\">&#8216;Parijs, Brussel en terug. De art-decoperiode van het echtpaar Baucher-Feron&#8217;<\/span><\/a><span style=\"font-weight: 400;\">. Deze tentoonstelling onderzoekt het archiefmateriaal van de ontwerpen van het echtpaar Baucher-Feron, waaronder textiel, verlichting, objecten, tapijten en meubels uit de art-decoperiode.<\/span><\/p>\n<p><span style=\"font-weight: 400;\">Alle informatie vind je op de website van <\/span><a href=\"https:\/\/designmuseum.brussels\/\"><span style=\"font-weight: 400;\">Design Museum Brussels.<\/span><\/a><\/p>\n<p><span style=\"font-weight: 400;\">Deze herfst staan er ook bioscoopvoorstellingen gepland, net als een aantal bijzondere tentoonstellingen!<\/span><\/p>\n","protected":false},"excerpt":{"rendered":"<p>Het Design Museum Brussels organiseert deze zomer vier prachtige tentoonstellingen! Neo Brussels zet zijn tour langs de buren voort&#8230; De eerste tentoonstelling, in Californische stijl,&#8230; <a class=\"more\" href=\"https:\/\/neobrussels.com\/nl\/le-design-museum-brussels-propose-4-magnifiques-expos-cette-ete\/\">Doorgaan<\/a><\/p>\n","protected":false},"author":3,"featured_media":2727,"comment_status":"open","ping_status":"open","sticky":false,"template":"","format":"standard","meta":{"_acf_changed":false,"footnotes":""},"categories":[21],"tags":[],"class_list":["post-2763","post","type-post","status-publish","format-standard","has-post-thumbnail","hentry","category-nieuws"],"acf":[],"yoast_head":"<!-- This site is optimized with the Yoast SEO plugin v24.2 - https:\/\/yoast.com\/wordpress\/plugins\/seo\/ -->\n<title>Le Design Museum Brussels\u00a0propose 4 expos cette \u00e9t\u00e9<\/title>\n<meta name=\"description\" content=\"Le Design Museum Brussels\u00a0propose 4 magnifiques expos cette \u00e9t\u00e9 : 2 sur la photographie, une sur les designers polonaises et une art d\u00e9co !\" \/>\n<meta name=\"robots\" content=\"index, follow, max-snippet:-1, max-image-preview:large, max-video-preview:-1\" \/>\n<link rel=\"canonical\" href=\"https:\/\/neobrussels.com\/nl\/le-design-museum-brussels-propose-4-magnifiques-expos-cette-ete\/\" \/>\n<meta property=\"og:locale\" content=\"nl_NL\" \/>\n<meta property=\"og:type\" content=\"article\" \/>\n<meta property=\"og:title\" content=\"Le Design Museum Brussels\u00a0propose 4 expos cette \u00e9t\u00e9\" \/>\n<meta property=\"og:description\" content=\"Le Design Museum Brussels\u00a0propose 4 magnifiques expos cette \u00e9t\u00e9 : 2 sur la photographie, une sur les designers polonaises et une art d\u00e9co !\" \/>\n<meta property=\"og:url\" content=\"https:\/\/neobrussels.com\/nl\/le-design-museum-brussels-propose-4-magnifiques-expos-cette-ete\/\" \/>\n<meta property=\"og:site_name\" content=\"NEO\" \/>\n<meta property=\"article:published_time\" content=\"2025-08-25T16:27:09+00:00\" \/>\n<meta property=\"article:modified_time\" content=\"2025-09-15T15:11:22+00:00\" \/>\n<meta property=\"og:image\" content=\"https:\/\/neobrussels.com\/wp-content\/uploads\/2025\/08\/Skateboard-_-Design-Museum-Brussels-2025-_-Twane-Photography_15.jpg\" \/>\n\t<meta property=\"og:image:width\" content=\"2048\" \/>\n\t<meta property=\"og:image:height\" content=\"1365\" \/>\n\t<meta property=\"og:image:type\" content=\"image\/jpeg\" \/>\n<meta name=\"author\" content=\"pasdeblabla pasdeblabla\" \/>\n<meta name=\"twitter:card\" content=\"summary_large_image\" \/>\n<meta name=\"twitter:label1\" content=\"Geschreven door\" \/>\n\t<meta name=\"twitter:data1\" content=\"pasdeblabla pasdeblabla\" \/>\n\t<meta name=\"twitter:label2\" content=\"Geschatte leestijd\" \/>\n\t<meta name=\"twitter:data2\" content=\"3 minuten\" \/>\n<script type=\"application\/ld+json\" class=\"yoast-schema-graph\">{\"@context\":\"https:\/\/schema.org\",\"@graph\":[{\"@type\":\"Article\",\"@id\":\"https:\/\/neobrussels.com\/nl\/le-design-museum-brussels-propose-4-magnifiques-expos-cette-ete\/#article\",\"isPartOf\":{\"@id\":\"https:\/\/neobrussels.com\/nl\/le-design-museum-brussels-propose-4-magnifiques-expos-cette-ete\/\"},\"author\":{\"name\":\"pasdeblabla pasdeblabla\",\"@id\":\"https:\/\/neobrussels.com\/nl\/#\/schema\/person\/55e9ee17237a1592a7b9d6511a7e3b06\"},\"headline\":\"Augustus 2025: het Design Museum Brussels organiseert vier prachtige tentoonstellingen!\",\"datePublished\":\"2025-08-25T16:27:09+00:00\",\"dateModified\":\"2025-09-15T15:11:22+00:00\",\"mainEntityOfPage\":{\"@id\":\"https:\/\/neobrussels.com\/nl\/le-design-museum-brussels-propose-4-magnifiques-expos-cette-ete\/\"},\"wordCount\":285,\"commentCount\":0,\"publisher\":{\"@id\":\"https:\/\/neobrussels.com\/nl\/#organization\"},\"image\":{\"@id\":\"https:\/\/neobrussels.com\/nl\/le-design-museum-brussels-propose-4-magnifiques-expos-cette-ete\/#primaryimage\"},\"thumbnailUrl\":\"https:\/\/neobrussels.com\/wp-content\/uploads\/2025\/08\/Skateboard-_-Design-Museum-Brussels-2025-_-Twane-Photography_15.jpg\",\"articleSection\":[\"Nieuws\"],\"inLanguage\":\"nl-NL\",\"potentialAction\":[{\"@type\":\"CommentAction\",\"name\":\"Comment\",\"target\":[\"https:\/\/neobrussels.com\/nl\/le-design-museum-brussels-propose-4-magnifiques-expos-cette-ete\/#respond\"]}]},{\"@type\":\"WebPage\",\"@id\":\"https:\/\/neobrussels.com\/nl\/le-design-museum-brussels-propose-4-magnifiques-expos-cette-ete\/\",\"url\":\"https:\/\/neobrussels.com\/nl\/le-design-museum-brussels-propose-4-magnifiques-expos-cette-ete\/\",\"name\":\"Le Design Museum Brussels\u00a0propose 4 expos cette \u00e9t\u00e9\",\"isPartOf\":{\"@id\":\"https:\/\/neobrussels.com\/nl\/#website\"},\"primaryImageOfPage\":{\"@id\":\"https:\/\/neobrussels.com\/nl\/le-design-museum-brussels-propose-4-magnifiques-expos-cette-ete\/#primaryimage\"},\"image\":{\"@id\":\"https:\/\/neobrussels.com\/nl\/le-design-museum-brussels-propose-4-magnifiques-expos-cette-ete\/#primaryimage\"},\"thumbnailUrl\":\"https:\/\/neobrussels.com\/wp-content\/uploads\/2025\/08\/Skateboard-_-Design-Museum-Brussels-2025-_-Twane-Photography_15.jpg\",\"datePublished\":\"2025-08-25T16:27:09+00:00\",\"dateModified\":\"2025-09-15T15:11:22+00:00\",\"description\":\"Le Design Museum Brussels\u00a0propose 4 magnifiques expos cette \u00e9t\u00e9 : 2 sur la photographie, une sur les designers polonaises et une art d\u00e9co !\",\"breadcrumb\":{\"@id\":\"https:\/\/neobrussels.com\/nl\/le-design-museum-brussels-propose-4-magnifiques-expos-cette-ete\/#breadcrumb\"},\"inLanguage\":\"nl-NL\",\"potentialAction\":[{\"@type\":\"ReadAction\",\"target\":[\"https:\/\/neobrussels.com\/nl\/le-design-museum-brussels-propose-4-magnifiques-expos-cette-ete\/\"]}]},{\"@type\":\"ImageObject\",\"inLanguage\":\"nl-NL\",\"@id\":\"https:\/\/neobrussels.com\/nl\/le-design-museum-brussels-propose-4-magnifiques-expos-cette-ete\/#primaryimage\",\"url\":\"https:\/\/neobrussels.com\/wp-content\/uploads\/2025\/08\/Skateboard-_-Design-Museum-Brussels-2025-_-Twane-Photography_15.jpg\",\"contentUrl\":\"https:\/\/neobrussels.com\/wp-content\/uploads\/2025\/08\/Skateboard-_-Design-Museum-Brussels-2025-_-Twane-Photography_15.jpg\",\"width\":2048,\"height\":1365,\"caption\":\"Optimized by JPEGmini 3.18.24.240840988-YEV 0x5d709e32\"},{\"@type\":\"BreadcrumbList\",\"@id\":\"https:\/\/neobrussels.com\/nl\/le-design-museum-brussels-propose-4-magnifiques-expos-cette-ete\/#breadcrumb\",\"itemListElement\":[{\"@type\":\"ListItem\",\"position\":1,\"name\":\"Accueil\",\"item\":\"https:\/\/neobrussels.com\/nl\/\"},{\"@type\":\"ListItem\",\"position\":2,\"name\":\"Augustus 2025: het Design Museum Brussels organiseert vier prachtige tentoonstellingen!\"}]},{\"@type\":\"WebSite\",\"@id\":\"https:\/\/neobrussels.com\/nl\/#website\",\"url\":\"https:\/\/neobrussels.com\/nl\/\",\"name\":\"NEO Brussels\",\"description\":\"D\u00e9veloppement et r\u00e9am\u00e9nagement du plateau du Heysel. Une nouvelle ambition pour Bruxelles.\",\"publisher\":{\"@id\":\"https:\/\/neobrussels.com\/nl\/#organization\"},\"potentialAction\":[{\"@type\":\"SearchAction\",\"target\":{\"@type\":\"EntryPoint\",\"urlTemplate\":\"https:\/\/neobrussels.com\/nl\/?s={search_term_string}\"},\"query-input\":{\"@type\":\"PropertyValueSpecification\",\"valueRequired\":true,\"valueName\":\"search_term_string\"}}],\"inLanguage\":\"nl-NL\"},{\"@type\":\"Organization\",\"@id\":\"https:\/\/neobrussels.com\/nl\/#organization\",\"name\":\"NEO\",\"url\":\"https:\/\/neobrussels.com\/nl\/\",\"logo\":{\"@type\":\"ImageObject\",\"inLanguage\":\"nl-NL\",\"@id\":\"https:\/\/neobrussels.com\/nl\/#\/schema\/logo\/image\/\",\"url\":\"https:\/\/neobrussels.com\/wp-content\/uploads\/2025\/01\/Sans-titre-2.png\",\"contentUrl\":\"https:\/\/neobrussels.com\/wp-content\/uploads\/2025\/01\/Sans-titre-2.png\",\"width\":186,\"height\":228,\"caption\":\"NEO\"},\"image\":{\"@id\":\"https:\/\/neobrussels.com\/nl\/#\/schema\/logo\/image\/\"},\"sameAs\":[\"https:\/\/www.linkedin.com\/company\/103968427\/admin\/dashboard\/\"]},{\"@type\":\"Person\",\"@id\":\"https:\/\/neobrussels.com\/nl\/#\/schema\/person\/55e9ee17237a1592a7b9d6511a7e3b06\",\"name\":\"pasdeblabla pasdeblabla\",\"image\":{\"@type\":\"ImageObject\",\"inLanguage\":\"nl-NL\",\"@id\":\"https:\/\/neobrussels.com\/nl\/#\/schema\/person\/image\/\",\"url\":\"https:\/\/secure.gravatar.com\/avatar\/3a53502c49b89cbe4abb4cc504e6a688?s=96&d=mm&r=g\",\"contentUrl\":\"https:\/\/secure.gravatar.com\/avatar\/3a53502c49b89cbe4abb4cc504e6a688?s=96&d=mm&r=g\",\"caption\":\"pasdeblabla pasdeblabla\"},\"url\":\"https:\/\/neobrussels.com\/nl\/author\/pasdeblabla\/\"}]}<\/script>\n<!-- \/ Yoast SEO plugin. -->","yoast_head_json":{"title":"Le Design Museum Brussels\u00a0propose 4 expos cette \u00e9t\u00e9","description":"Le Design Museum Brussels\u00a0propose 4 magnifiques expos cette \u00e9t\u00e9 : 2 sur la photographie, une sur les designers polonaises et une art d\u00e9co !","robots":{"index":"index","follow":"follow","max-snippet":"max-snippet:-1","max-image-preview":"max-image-preview:large","max-video-preview":"max-video-preview:-1"},"canonical":"https:\/\/neobrussels.com\/nl\/le-design-museum-brussels-propose-4-magnifiques-expos-cette-ete\/","og_locale":"nl_NL","og_type":"article","og_title":"Le Design Museum Brussels\u00a0propose 4 expos cette \u00e9t\u00e9","og_description":"Le Design Museum Brussels\u00a0propose 4 magnifiques expos cette \u00e9t\u00e9 : 2 sur la photographie, une sur les designers polonaises et une art d\u00e9co !","og_url":"https:\/\/neobrussels.com\/nl\/le-design-museum-brussels-propose-4-magnifiques-expos-cette-ete\/","og_site_name":"NEO","article_published_time":"2025-08-25T16:27:09+00:00","article_modified_time":"2025-09-15T15:11:22+00:00","og_image":[{"width":2048,"height":1365,"url":"https:\/\/neobrussels.com\/wp-content\/uploads\/2025\/08\/Skateboard-_-Design-Museum-Brussels-2025-_-Twane-Photography_15.jpg","type":"image\/jpeg"}],"author":"pasdeblabla pasdeblabla","twitter_card":"summary_large_image","twitter_misc":{"Geschreven door":"pasdeblabla pasdeblabla","Geschatte leestijd":"3 minuten"},"schema":{"@context":"https:\/\/schema.org","@graph":[{"@type":"Article","@id":"https:\/\/neobrussels.com\/nl\/le-design-museum-brussels-propose-4-magnifiques-expos-cette-ete\/#article","isPartOf":{"@id":"https:\/\/neobrussels.com\/nl\/le-design-museum-brussels-propose-4-magnifiques-expos-cette-ete\/"},"author":{"name":"pasdeblabla pasdeblabla","@id":"https:\/\/neobrussels.com\/nl\/#\/schema\/person\/55e9ee17237a1592a7b9d6511a7e3b06"},"headline":"Augustus 2025: het Design Museum Brussels organiseert vier prachtige tentoonstellingen!","datePublished":"2025-08-25T16:27:09+00:00","dateModified":"2025-09-15T15:11:22+00:00","mainEntityOfPage":{"@id":"https:\/\/neobrussels.com\/nl\/le-design-museum-brussels-propose-4-magnifiques-expos-cette-ete\/"},"wordCount":285,"commentCount":0,"publisher":{"@id":"https:\/\/neobrussels.com\/nl\/#organization"},"image":{"@id":"https:\/\/neobrussels.com\/nl\/le-design-museum-brussels-propose-4-magnifiques-expos-cette-ete\/#primaryimage"},"thumbnailUrl":"https:\/\/neobrussels.com\/wp-content\/uploads\/2025\/08\/Skateboard-_-Design-Museum-Brussels-2025-_-Twane-Photography_15.jpg","articleSection":["Nieuws"],"inLanguage":"nl-NL","potentialAction":[{"@type":"CommentAction","name":"Comment","target":["https:\/\/neobrussels.com\/nl\/le-design-museum-brussels-propose-4-magnifiques-expos-cette-ete\/#respond"]}]},{"@type":"WebPage","@id":"https:\/\/neobrussels.com\/nl\/le-design-museum-brussels-propose-4-magnifiques-expos-cette-ete\/","url":"https:\/\/neobrussels.com\/nl\/le-design-museum-brussels-propose-4-magnifiques-expos-cette-ete\/","name":"Le Design Museum Brussels\u00a0propose 4 expos cette \u00e9t\u00e9","isPartOf":{"@id":"https:\/\/neobrussels.com\/nl\/#website"},"primaryImageOfPage":{"@id":"https:\/\/neobrussels.com\/nl\/le-design-museum-brussels-propose-4-magnifiques-expos-cette-ete\/#primaryimage"},"image":{"@id":"https:\/\/neobrussels.com\/nl\/le-design-museum-brussels-propose-4-magnifiques-expos-cette-ete\/#primaryimage"},"thumbnailUrl":"https:\/\/neobrussels.com\/wp-content\/uploads\/2025\/08\/Skateboard-_-Design-Museum-Brussels-2025-_-Twane-Photography_15.jpg","datePublished":"2025-08-25T16:27:09+00:00","dateModified":"2025-09-15T15:11:22+00:00","description":"Le Design Museum Brussels\u00a0propose 4 magnifiques expos cette \u00e9t\u00e9 : 2 sur la photographie, une sur les designers polonaises et une art d\u00e9co !","breadcrumb":{"@id":"https:\/\/neobrussels.com\/nl\/le-design-museum-brussels-propose-4-magnifiques-expos-cette-ete\/#breadcrumb"},"inLanguage":"nl-NL","potentialAction":[{"@type":"ReadAction","target":["https:\/\/neobrussels.com\/nl\/le-design-museum-brussels-propose-4-magnifiques-expos-cette-ete\/"]}]},{"@type":"ImageObject","inLanguage":"nl-NL","@id":"https:\/\/neobrussels.com\/nl\/le-design-museum-brussels-propose-4-magnifiques-expos-cette-ete\/#primaryimage","url":"https:\/\/neobrussels.com\/wp-content\/uploads\/2025\/08\/Skateboard-_-Design-Museum-Brussels-2025-_-Twane-Photography_15.jpg","contentUrl":"https:\/\/neobrussels.com\/wp-content\/uploads\/2025\/08\/Skateboard-_-Design-Museum-Brussels-2025-_-Twane-Photography_15.jpg","width":2048,"height":1365,"caption":"Optimized by JPEGmini 3.18.24.240840988-YEV 0x5d709e32"},{"@type":"BreadcrumbList","@id":"https:\/\/neobrussels.com\/nl\/le-design-museum-brussels-propose-4-magnifiques-expos-cette-ete\/#breadcrumb","itemListElement":[{"@type":"ListItem","position":1,"name":"Accueil","item":"https:\/\/neobrussels.com\/nl\/"},{"@type":"ListItem","position":2,"name":"Augustus 2025: het Design Museum Brussels organiseert vier prachtige tentoonstellingen!"}]},{"@type":"WebSite","@id":"https:\/\/neobrussels.com\/nl\/#website","url":"https:\/\/neobrussels.com\/nl\/","name":"NEO Brussels","description":"D\u00e9veloppement et r\u00e9am\u00e9nagement du plateau du Heysel. Une nouvelle ambition pour Bruxelles.","publisher":{"@id":"https:\/\/neobrussels.com\/nl\/#organization"},"potentialAction":[{"@type":"SearchAction","target":{"@type":"EntryPoint","urlTemplate":"https:\/\/neobrussels.com\/nl\/?s={search_term_string}"},"query-input":{"@type":"PropertyValueSpecification","valueRequired":true,"valueName":"search_term_string"}}],"inLanguage":"nl-NL"},{"@type":"Organization","@id":"https:\/\/neobrussels.com\/nl\/#organization","name":"NEO","url":"https:\/\/neobrussels.com\/nl\/","logo":{"@type":"ImageObject","inLanguage":"nl-NL","@id":"https:\/\/neobrussels.com\/nl\/#\/schema\/logo\/image\/","url":"https:\/\/neobrussels.com\/wp-content\/uploads\/2025\/01\/Sans-titre-2.png","contentUrl":"https:\/\/neobrussels.com\/wp-content\/uploads\/2025\/01\/Sans-titre-2.png","width":186,"height":228,"caption":"NEO"},"image":{"@id":"https:\/\/neobrussels.com\/nl\/#\/schema\/logo\/image\/"},"sameAs":["https:\/\/www.linkedin.com\/company\/103968427\/admin\/dashboard\/"]},{"@type":"Person","@id":"https:\/\/neobrussels.com\/nl\/#\/schema\/person\/55e9ee17237a1592a7b9d6511a7e3b06","name":"pasdeblabla pasdeblabla","image":{"@type":"ImageObject","inLanguage":"nl-NL","@id":"https:\/\/neobrussels.com\/nl\/#\/schema\/person\/image\/","url":"https:\/\/secure.gravatar.com\/avatar\/3a53502c49b89cbe4abb4cc504e6a688?s=96&d=mm&r=g","contentUrl":"https:\/\/secure.gravatar.com\/avatar\/3a53502c49b89cbe4abb4cc504e6a688?s=96&d=mm&r=g","caption":"pasdeblabla pasdeblabla"},"url":"https:\/\/neobrussels.com\/nl\/author\/pasdeblabla\/"}]}},"_links":{"self":[{"href":"https:\/\/neobrussels.com\/nl\/wp-json\/wp\/v2\/posts\/2763","targetHints":{"allow":["GET"]}}],"collection":[{"href":"https:\/\/neobrussels.com\/nl\/wp-json\/wp\/v2\/posts"}],"about":[{"href":"https:\/\/neobrussels.com\/nl\/wp-json\/wp\/v2\/types\/post"}],"author":[{"embeddable":true,"href":"https:\/\/neobrussels.com\/nl\/wp-json\/wp\/v2\/users\/3"}],"replies":[{"embeddable":true,"href":"https:\/\/neobrussels.com\/nl\/wp-json\/wp\/v2\/comments?post=2763"}],"version-history":[{"count":4,"href":"https:\/\/neobrussels.com\/nl\/wp-json\/wp\/v2\/posts\/2763\/revisions"}],"predecessor-version":[{"id":2776,"href":"https:\/\/neobrussels.com\/nl\/wp-json\/wp\/v2\/posts\/2763\/revisions\/2776"}],"wp:featuredmedia":[{"embeddable":true,"href":"https:\/\/neobrussels.com\/nl\/wp-json\/wp\/v2\/media\/2727"}],"wp:attachment":[{"href":"https:\/\/neobrussels.com\/nl\/wp-json\/wp\/v2\/media?parent=2763"}],"wp:term":[{"taxonomy":"category","embeddable":true,"href":"https:\/\/neobrussels.com\/nl\/wp-json\/wp\/v2\/categories?post=2763"},{"taxonomy":"post_tag","embeddable":true,"href":"https:\/\/neobrussels.com\/nl\/wp-json\/wp\/v2\/tags?post=2763"}],"curies":[{"name":"wp","href":"https:\/\/api.w.org\/{rel}","templated":true}]}}