{"id":2639,"date":"2025-04-23T10:42:13","date_gmt":"2025-04-23T08:42:13","guid":{"rendered":"https:\/\/neobrussels.com\/2-creches-et-une-seniorie-prevues\/"},"modified":"2025-05-08T12:19:30","modified_gmt":"2025-05-08T10:19:30","slug":"2-nurseries-and-a-seniority-previews","status":"publish","type":"post","link":"https:\/\/neobrussels.com\/en\/2-nurseries-and-a-seniority-previews\/","title":{"rendered":"April 2025: 2 nurseries and 1 care home in the pipeline"},"content":{"rendered":"<p><span style=\"font-weight: 400;\">You cannot develop a new urban district without thinking about certain basic functions for families, such as nurseries.<\/span><\/p>\n<p><span style=\"font-weight: 400;\">Because if you want to build a liveable neighbourhood, you need to take each and every one of its residents into account.<\/span><\/p>\n<p>In a residential and commercial district, all generations inevitably rub shoulders. And they need to be able to live in perfect harmony.<\/p>\n<p><span style=\"font-weight: 400;\">From the outset, the <a href=\"https:\/\/neobrussels.com\/en\/for-professionals\/content\/neo-1\/\">NEO<\/a> project has always sought to integrate basic functions that are vital for living together in this new urban district. <\/span><span style=\"font-weight: 400;\">Did you know that <\/span><span style=\"font-weight: 400;\">NEO<\/span><span style=\"font-weight: 400;\"> is creating 96 childcare places? And building a care home with 90 to 120 beds?<\/span><\/p>\n<p><img loading=\"lazy\" decoding=\"async\" class=\"alignnone size-medium wp-image-2630\" src=\"https:\/\/neobrussels.com\/wp-content\/uploads\/2025\/04\/Post-Creche-900x595.png\" alt=\"\" width=\"900\" height=\"595\" srcset=\"https:\/\/neobrussels.com\/wp-content\/uploads\/2025\/04\/Post-Creche-900x595.png 900w, https:\/\/neobrussels.com\/wp-content\/uploads\/2025\/04\/Post-Creche-768x508.png 768w, https:\/\/neobrussels.com\/wp-content\/uploads\/2025\/04\/Post-Creche.png 1188w\" sizes=\"auto, (max-width: 900px) 100vw, 900px\" \/><\/p>\n<p><span style=\"font-weight: 400;\">The NEO project includes the construction of two nurseries. Each for 48 children, and a care home with 90 to 120 beds (depending on who will operate it).<\/span><\/p>\n<p><span style=\"font-weight: 400;\">This is especially useful given the current childcare shortage (10,000 places!) in Brussels, according to the <\/span><span style=\"font-weight: 400;\"><a href=\"https:\/\/liguedesfamilles.be\/\">Ligue des Familles<\/a>.<\/span><\/p>\n<p><span style=\"font-weight: 400;\">While NEO\u2019s nurseries will not solve the current daycare shortage, 100 new places is no mean feat! Thanks to NEO, the district\u2019s current and future residents as well as the staff of the facilities on the Heysel site will have access to these nurseries.<\/span><\/p>\n<p><span style=\"font-weight: 400;\">The examples of the daycare and care home illustrate the NEO project\u2019s complementary functions.<\/span><\/p>\n<p><span style=\"font-weight: 400;\">And that is what makes a city such a great place to live ! A<\/span><span style=\"font-weight: 400;\">\u00a0modern, connected city that offers a balanced mix of housing and work, urban development, shopping, leisure and housing facilities, personal care, etc.<\/span><\/p>\n","protected":false},"excerpt":{"rendered":"<p>You cannot develop a new urban district without thinking about certain basic functions for families, such as nurseries. Because if you want to build a&#8230; <a class=\"more\" href=\"https:\/\/neobrussels.com\/en\/2-nurseries-and-a-seniority-previews\/\">Continue<\/a><\/p>\n","protected":false},"author":3,"featured_media":2632,"comment_status":"open","ping_status":"open","sticky":false,"template":"","format":"standard","meta":{"_acf_changed":false,"footnotes":""},"categories":[20,18],"tags":[],"class_list":["post-2639","post","type-post","status-publish","format-standard","has-post-thumbnail","hentry","category-news","category-uncategorized"],"acf":[],"yoast_head":"<!-- This site is optimized with the Yoast SEO plugin v24.2 - https:\/\/yoast.com\/wordpress\/plugins\/seo\/ -->\n<title>Two nurseries and a senior centre for the NEO project<\/title>\n<meta name=\"description\" content=\"NEO plans to build 2 nurseries with 48 places each and a 90 to 120-bed nursing home on the Plateau du Heysel.\" \/>\n<meta name=\"robots\" content=\"index, follow, max-snippet:-1, max-image-preview:large, max-video-preview:-1\" \/>\n<link rel=\"canonical\" href=\"https:\/\/neobrussels.com\/en\/2-nurseries-and-a-seniority-previews\/\" \/>\n<meta property=\"og:locale\" content=\"en_US\" \/>\n<meta property=\"og:type\" content=\"article\" \/>\n<meta property=\"og:title\" content=\"Two nurseries and a senior centre for the NEO project\" \/>\n<meta property=\"og:description\" content=\"NEO plans to build 2 nurseries with 48 places each and a 90 to 120-bed nursing home on the Plateau du Heysel.\" \/>\n<meta property=\"og:url\" content=\"https:\/\/neobrussels.com\/en\/2-nurseries-and-a-seniority-previews\/\" \/>\n<meta property=\"og:site_name\" content=\"NEO\" \/>\n<meta property=\"article:published_time\" content=\"2025-04-23T08:42:13+00:00\" \/>\n<meta property=\"article:modified_time\" content=\"2025-05-08T10:19:30+00:00\" \/>\n<meta property=\"og:image\" content=\"https:\/\/neobrussels.com\/wp-content\/uploads\/2025\/04\/Post-Creche.png\" \/>\n\t<meta property=\"og:image:width\" content=\"1188\" \/>\n\t<meta property=\"og:image:height\" content=\"786\" \/>\n\t<meta property=\"og:image:type\" content=\"image\/png\" \/>\n<meta name=\"author\" content=\"pasdeblabla pasdeblabla\" \/>\n<meta name=\"twitter:card\" content=\"summary_large_image\" \/>\n<meta name=\"twitter:label1\" content=\"Written by\" \/>\n\t<meta name=\"twitter:data1\" content=\"pasdeblabla pasdeblabla\" \/>\n\t<meta name=\"twitter:label2\" content=\"Est. reading time\" \/>\n\t<meta name=\"twitter:data2\" content=\"2 minutes\" \/>\n<script type=\"application\/ld+json\" class=\"yoast-schema-graph\">{\"@context\":\"https:\/\/schema.org\",\"@graph\":[{\"@type\":\"Article\",\"@id\":\"https:\/\/neobrussels.com\/en\/2-nurseries-and-a-seniority-previews\/#article\",\"isPartOf\":{\"@id\":\"https:\/\/neobrussels.com\/en\/2-nurseries-and-a-seniority-previews\/\"},\"author\":{\"name\":\"pasdeblabla pasdeblabla\",\"@id\":\"https:\/\/neobrussels.com\/en\/#\/schema\/person\/55e9ee17237a1592a7b9d6511a7e3b06\"},\"headline\":\"April 2025: 2 nurseries and 1 care home in the pipeline\",\"datePublished\":\"2025-04-23T08:42:13+00:00\",\"dateModified\":\"2025-05-08T10:19:30+00:00\",\"mainEntityOfPage\":{\"@id\":\"https:\/\/neobrussels.com\/en\/2-nurseries-and-a-seniority-previews\/\"},\"wordCount\":250,\"commentCount\":0,\"publisher\":{\"@id\":\"https:\/\/neobrussels.com\/en\/#organization\"},\"image\":{\"@id\":\"https:\/\/neobrussels.com\/en\/2-nurseries-and-a-seniority-previews\/#primaryimage\"},\"thumbnailUrl\":\"https:\/\/neobrussels.com\/wp-content\/uploads\/2025\/04\/Post-Creche.png\",\"articleSection\":[\"News\"],\"inLanguage\":\"en-US\",\"potentialAction\":[{\"@type\":\"CommentAction\",\"name\":\"Comment\",\"target\":[\"https:\/\/neobrussels.com\/en\/2-nurseries-and-a-seniority-previews\/#respond\"]}]},{\"@type\":\"WebPage\",\"@id\":\"https:\/\/neobrussels.com\/en\/2-nurseries-and-a-seniority-previews\/\",\"url\":\"https:\/\/neobrussels.com\/en\/2-nurseries-and-a-seniority-previews\/\",\"name\":\"Two nurseries and a senior centre for the NEO project\",\"isPartOf\":{\"@id\":\"https:\/\/neobrussels.com\/en\/#website\"},\"primaryImageOfPage\":{\"@id\":\"https:\/\/neobrussels.com\/en\/2-nurseries-and-a-seniority-previews\/#primaryimage\"},\"image\":{\"@id\":\"https:\/\/neobrussels.com\/en\/2-nurseries-and-a-seniority-previews\/#primaryimage\"},\"thumbnailUrl\":\"https:\/\/neobrussels.com\/wp-content\/uploads\/2025\/04\/Post-Creche.png\",\"datePublished\":\"2025-04-23T08:42:13+00:00\",\"dateModified\":\"2025-05-08T10:19:30+00:00\",\"description\":\"NEO plans to build 2 nurseries with 48 places each and a 90 to 120-bed nursing home on the Plateau du Heysel.\",\"breadcrumb\":{\"@id\":\"https:\/\/neobrussels.com\/en\/2-nurseries-and-a-seniority-previews\/#breadcrumb\"},\"inLanguage\":\"en-US\",\"potentialAction\":[{\"@type\":\"ReadAction\",\"target\":[\"https:\/\/neobrussels.com\/en\/2-nurseries-and-a-seniority-previews\/\"]}]},{\"@type\":\"ImageObject\",\"inLanguage\":\"en-US\",\"@id\":\"https:\/\/neobrussels.com\/en\/2-nurseries-and-a-seniority-previews\/#primaryimage\",\"url\":\"https:\/\/neobrussels.com\/wp-content\/uploads\/2025\/04\/Post-Creche.png\",\"contentUrl\":\"https:\/\/neobrussels.com\/wp-content\/uploads\/2025\/04\/Post-Creche.png\",\"width\":1188,\"height\":786},{\"@type\":\"BreadcrumbList\",\"@id\":\"https:\/\/neobrussels.com\/en\/2-nurseries-and-a-seniority-previews\/#breadcrumb\",\"itemListElement\":[{\"@type\":\"ListItem\",\"position\":1,\"name\":\"Accueil\",\"item\":\"https:\/\/neobrussels.com\/en\/\"},{\"@type\":\"ListItem\",\"position\":2,\"name\":\"April 2025: 2 nurseries and 1 care home in the pipeline\"}]},{\"@type\":\"WebSite\",\"@id\":\"https:\/\/neobrussels.com\/en\/#website\",\"url\":\"https:\/\/neobrussels.com\/en\/\",\"name\":\"NEO Brussels\",\"description\":\"D\u00e9veloppement et r\u00e9am\u00e9nagement du plateau du Heysel. Une nouvelle ambition pour Bruxelles.\",\"publisher\":{\"@id\":\"https:\/\/neobrussels.com\/en\/#organization\"},\"potentialAction\":[{\"@type\":\"SearchAction\",\"target\":{\"@type\":\"EntryPoint\",\"urlTemplate\":\"https:\/\/neobrussels.com\/en\/?s={search_term_string}\"},\"query-input\":{\"@type\":\"PropertyValueSpecification\",\"valueRequired\":true,\"valueName\":\"search_term_string\"}}],\"inLanguage\":\"en-US\"},{\"@type\":\"Organization\",\"@id\":\"https:\/\/neobrussels.com\/en\/#organization\",\"name\":\"NEO\",\"url\":\"https:\/\/neobrussels.com\/en\/\",\"logo\":{\"@type\":\"ImageObject\",\"inLanguage\":\"en-US\",\"@id\":\"https:\/\/neobrussels.com\/en\/#\/schema\/logo\/image\/\",\"url\":\"https:\/\/neobrussels.com\/wp-content\/uploads\/2025\/01\/Sans-titre-2.png\",\"contentUrl\":\"https:\/\/neobrussels.com\/wp-content\/uploads\/2025\/01\/Sans-titre-2.png\",\"width\":186,\"height\":228,\"caption\":\"NEO\"},\"image\":{\"@id\":\"https:\/\/neobrussels.com\/en\/#\/schema\/logo\/image\/\"},\"sameAs\":[\"https:\/\/www.linkedin.com\/company\/103968427\/admin\/dashboard\/\"]},{\"@type\":\"Person\",\"@id\":\"https:\/\/neobrussels.com\/en\/#\/schema\/person\/55e9ee17237a1592a7b9d6511a7e3b06\",\"name\":\"pasdeblabla pasdeblabla\",\"image\":{\"@type\":\"ImageObject\",\"inLanguage\":\"en-US\",\"@id\":\"https:\/\/neobrussels.com\/en\/#\/schema\/person\/image\/\",\"url\":\"https:\/\/secure.gravatar.com\/avatar\/3a53502c49b89cbe4abb4cc504e6a688?s=96&d=mm&r=g\",\"contentUrl\":\"https:\/\/secure.gravatar.com\/avatar\/3a53502c49b89cbe4abb4cc504e6a688?s=96&d=mm&r=g\",\"caption\":\"pasdeblabla pasdeblabla\"},\"url\":\"https:\/\/neobrussels.com\/en\/author\/pasdeblabla\/\"}]}<\/script>\n<!-- \/ Yoast SEO plugin. -->","yoast_head_json":{"title":"Two nurseries and a senior centre for the NEO project","description":"NEO plans to build 2 nurseries with 48 places each and a 90 to 120-bed nursing home on the Plateau du Heysel.","robots":{"index":"index","follow":"follow","max-snippet":"max-snippet:-1","max-image-preview":"max-image-preview:large","max-video-preview":"max-video-preview:-1"},"canonical":"https:\/\/neobrussels.com\/en\/2-nurseries-and-a-seniority-previews\/","og_locale":"en_US","og_type":"article","og_title":"Two nurseries and a senior centre for the NEO project","og_description":"NEO plans to build 2 nurseries with 48 places each and a 90 to 120-bed nursing home on the Plateau du Heysel.","og_url":"https:\/\/neobrussels.com\/en\/2-nurseries-and-a-seniority-previews\/","og_site_name":"NEO","article_published_time":"2025-04-23T08:42:13+00:00","article_modified_time":"2025-05-08T10:19:30+00:00","og_image":[{"width":1188,"height":786,"url":"https:\/\/neobrussels.com\/wp-content\/uploads\/2025\/04\/Post-Creche.png","type":"image\/png"}],"author":"pasdeblabla pasdeblabla","twitter_card":"summary_large_image","twitter_misc":{"Written by":"pasdeblabla pasdeblabla","Est. reading time":"2 minutes"},"schema":{"@context":"https:\/\/schema.org","@graph":[{"@type":"Article","@id":"https:\/\/neobrussels.com\/en\/2-nurseries-and-a-seniority-previews\/#article","isPartOf":{"@id":"https:\/\/neobrussels.com\/en\/2-nurseries-and-a-seniority-previews\/"},"author":{"name":"pasdeblabla pasdeblabla","@id":"https:\/\/neobrussels.com\/en\/#\/schema\/person\/55e9ee17237a1592a7b9d6511a7e3b06"},"headline":"April 2025: 2 nurseries and 1 care home in the pipeline","datePublished":"2025-04-23T08:42:13+00:00","dateModified":"2025-05-08T10:19:30+00:00","mainEntityOfPage":{"@id":"https:\/\/neobrussels.com\/en\/2-nurseries-and-a-seniority-previews\/"},"wordCount":250,"commentCount":0,"publisher":{"@id":"https:\/\/neobrussels.com\/en\/#organization"},"image":{"@id":"https:\/\/neobrussels.com\/en\/2-nurseries-and-a-seniority-previews\/#primaryimage"},"thumbnailUrl":"https:\/\/neobrussels.com\/wp-content\/uploads\/2025\/04\/Post-Creche.png","articleSection":["News"],"inLanguage":"en-US","potentialAction":[{"@type":"CommentAction","name":"Comment","target":["https:\/\/neobrussels.com\/en\/2-nurseries-and-a-seniority-previews\/#respond"]}]},{"@type":"WebPage","@id":"https:\/\/neobrussels.com\/en\/2-nurseries-and-a-seniority-previews\/","url":"https:\/\/neobrussels.com\/en\/2-nurseries-and-a-seniority-previews\/","name":"Two nurseries and a senior centre for the NEO project","isPartOf":{"@id":"https:\/\/neobrussels.com\/en\/#website"},"primaryImageOfPage":{"@id":"https:\/\/neobrussels.com\/en\/2-nurseries-and-a-seniority-previews\/#primaryimage"},"image":{"@id":"https:\/\/neobrussels.com\/en\/2-nurseries-and-a-seniority-previews\/#primaryimage"},"thumbnailUrl":"https:\/\/neobrussels.com\/wp-content\/uploads\/2025\/04\/Post-Creche.png","datePublished":"2025-04-23T08:42:13+00:00","dateModified":"2025-05-08T10:19:30+00:00","description":"NEO plans to build 2 nurseries with 48 places each and a 90 to 120-bed nursing home on the Plateau du Heysel.","breadcrumb":{"@id":"https:\/\/neobrussels.com\/en\/2-nurseries-and-a-seniority-previews\/#breadcrumb"},"inLanguage":"en-US","potentialAction":[{"@type":"ReadAction","target":["https:\/\/neobrussels.com\/en\/2-nurseries-and-a-seniority-previews\/"]}]},{"@type":"ImageObject","inLanguage":"en-US","@id":"https:\/\/neobrussels.com\/en\/2-nurseries-and-a-seniority-previews\/#primaryimage","url":"https:\/\/neobrussels.com\/wp-content\/uploads\/2025\/04\/Post-Creche.png","contentUrl":"https:\/\/neobrussels.com\/wp-content\/uploads\/2025\/04\/Post-Creche.png","width":1188,"height":786},{"@type":"BreadcrumbList","@id":"https:\/\/neobrussels.com\/en\/2-nurseries-and-a-seniority-previews\/#breadcrumb","itemListElement":[{"@type":"ListItem","position":1,"name":"Accueil","item":"https:\/\/neobrussels.com\/en\/"},{"@type":"ListItem","position":2,"name":"April 2025: 2 nurseries and 1 care home in the pipeline"}]},{"@type":"WebSite","@id":"https:\/\/neobrussels.com\/en\/#website","url":"https:\/\/neobrussels.com\/en\/","name":"NEO Brussels","description":"D\u00e9veloppement et r\u00e9am\u00e9nagement du plateau du Heysel. Une nouvelle ambition pour Bruxelles.","publisher":{"@id":"https:\/\/neobrussels.com\/en\/#organization"},"potentialAction":[{"@type":"SearchAction","target":{"@type":"EntryPoint","urlTemplate":"https:\/\/neobrussels.com\/en\/?s={search_term_string}"},"query-input":{"@type":"PropertyValueSpecification","valueRequired":true,"valueName":"search_term_string"}}],"inLanguage":"en-US"},{"@type":"Organization","@id":"https:\/\/neobrussels.com\/en\/#organization","name":"NEO","url":"https:\/\/neobrussels.com\/en\/","logo":{"@type":"ImageObject","inLanguage":"en-US","@id":"https:\/\/neobrussels.com\/en\/#\/schema\/logo\/image\/","url":"https:\/\/neobrussels.com\/wp-content\/uploads\/2025\/01\/Sans-titre-2.png","contentUrl":"https:\/\/neobrussels.com\/wp-content\/uploads\/2025\/01\/Sans-titre-2.png","width":186,"height":228,"caption":"NEO"},"image":{"@id":"https:\/\/neobrussels.com\/en\/#\/schema\/logo\/image\/"},"sameAs":["https:\/\/www.linkedin.com\/company\/103968427\/admin\/dashboard\/"]},{"@type":"Person","@id":"https:\/\/neobrussels.com\/en\/#\/schema\/person\/55e9ee17237a1592a7b9d6511a7e3b06","name":"pasdeblabla pasdeblabla","image":{"@type":"ImageObject","inLanguage":"en-US","@id":"https:\/\/neobrussels.com\/en\/#\/schema\/person\/image\/","url":"https:\/\/secure.gravatar.com\/avatar\/3a53502c49b89cbe4abb4cc504e6a688?s=96&d=mm&r=g","contentUrl":"https:\/\/secure.gravatar.com\/avatar\/3a53502c49b89cbe4abb4cc504e6a688?s=96&d=mm&r=g","caption":"pasdeblabla pasdeblabla"},"url":"https:\/\/neobrussels.com\/en\/author\/pasdeblabla\/"}]}},"_links":{"self":[{"href":"https:\/\/neobrussels.com\/en\/wp-json\/wp\/v2\/posts\/2639","targetHints":{"allow":["GET"]}}],"collection":[{"href":"https:\/\/neobrussels.com\/en\/wp-json\/wp\/v2\/posts"}],"about":[{"href":"https:\/\/neobrussels.com\/en\/wp-json\/wp\/v2\/types\/post"}],"author":[{"embeddable":true,"href":"https:\/\/neobrussels.com\/en\/wp-json\/wp\/v2\/users\/3"}],"replies":[{"embeddable":true,"href":"https:\/\/neobrussels.com\/en\/wp-json\/wp\/v2\/comments?post=2639"}],"version-history":[{"count":2,"href":"https:\/\/neobrussels.com\/en\/wp-json\/wp\/v2\/posts\/2639\/revisions"}],"predecessor-version":[{"id":2645,"href":"https:\/\/neobrussels.com\/en\/wp-json\/wp\/v2\/posts\/2639\/revisions\/2645"}],"wp:featuredmedia":[{"embeddable":true,"href":"https:\/\/neobrussels.com\/en\/wp-json\/wp\/v2\/media\/2632"}],"wp:attachment":[{"href":"https:\/\/neobrussels.com\/en\/wp-json\/wp\/v2\/media?parent=2639"}],"wp:term":[{"taxonomy":"category","embeddable":true,"href":"https:\/\/neobrussels.com\/en\/wp-json\/wp\/v2\/categories?post=2639"},{"taxonomy":"post_tag","embeddable":true,"href":"https:\/\/neobrussels.com\/en\/wp-json\/wp\/v2\/tags?post=2639"}],"curies":[{"name":"wp","href":"https:\/\/api.w.org\/{rel}","templated":true}]}}