{"id":2298,"date":"2024-05-15T14:07:25","date_gmt":"2024-05-15T12:07:25","guid":{"rendered":"https:\/\/neobrussels.com\/?p=2298"},"modified":"2024-05-16T18:43:20","modified_gmt":"2024-05-16T16:43:20","slug":"temporary-installation-of-the-coib-belgian-interfederal-olympic-committee-at-the-buro-design-center","status":"publish","type":"post","link":"https:\/\/neobrussels.com\/en\/temporary-installation-of-the-coib-belgian-interfederal-olympic-committee-at-the-buro-design-center\/","title":{"rendered":"May 2024 : Temporary installation of the COIB, Belgian Interfederal Olympic Committee, at the Buro &amp; Design Center"},"content":{"rendered":"\r\n<p>To make way for the <em>Parc des Sports<\/em> project, the COIB has vacated the building it occupied on the site. A further step towards the completion of this long-awaited park as part of the NEO project!<\/p>\r\n\r\n\r\n\r\n<p>Pending the delivery of the COIB&#8217;s new headquarters, a solution had to be found for the team in the run-up to the Paris Olympics. Since last month, the COIB has taken up temporary residence on the 6th floor of the Buro &amp; Design Center (BDC), with some meeting rooms on the ground floor. The Belgian Paralympic Committee (BPC) and the Belgian Court of Arbitration for Sport (CBAS) are also part of this move.<\/p>\r\n\r\n\r\n\r\n<p>This temporary location offers both a state-of-the-art infrastructure and the space needed to provide the best possible services to athletes, partners and federations.<\/p>\r\n\r\n\r\n\r\n<p>Between now and the Los Angeles 2028 Olympic Games, the COIB will move again, this time to its new building on the Heysel site, with a view of the new sports park.<\/p>\r\n\r\n\r\n\r\n<p>C\u00e9dric Van Branteghem, CEO of the COIB:<em> &#8220;It was important for the COIB that this move took place now, before we enter the home straight for the Paris Olympic Games. This means we can continue to provide our services without the move having an impact on our athletes and partners. The plans for the new building also reflect the ambition and excellence expected of an Olympic headquarters.&#8221;<\/em><\/p>\r\n","protected":false},"excerpt":{"rendered":"<p>To make way for the Parc des Sports project, the COIB has vacated the building it occupied on the site. A further step towards the&#8230; <a class=\"more\" href=\"https:\/\/neobrussels.com\/en\/temporary-installation-of-the-coib-belgian-interfederal-olympic-committee-at-the-buro-design-center\/\">Continue<\/a><\/p>\n","protected":false},"author":2,"featured_media":2288,"comment_status":"open","ping_status":"open","sticky":false,"template":"","format":"standard","meta":{"_acf_changed":false,"footnotes":""},"categories":[20],"tags":[],"class_list":["post-2298","post","type-post","status-publish","format-standard","has-post-thumbnail","hentry","category-news"],"acf":[],"yoast_head":"<!-- This site is optimized with the Yoast SEO plugin v24.2 - https:\/\/yoast.com\/wordpress\/plugins\/seo\/ -->\n<title>May 2024 : Temporary installation of the COIB, Belgian Interfederal Olympic Committee, at the Buro &amp; Design Center - NEO<\/title>\n<meta name=\"robots\" content=\"index, follow, max-snippet:-1, max-image-preview:large, max-video-preview:-1\" \/>\n<link rel=\"canonical\" href=\"https:\/\/neobrussels.com\/en\/temporary-installation-of-the-coib-belgian-interfederal-olympic-committee-at-the-buro-design-center\/\" \/>\n<meta property=\"og:locale\" content=\"en_US\" \/>\n<meta property=\"og:type\" content=\"article\" \/>\n<meta property=\"og:title\" content=\"May 2024 : Temporary installation of the COIB, Belgian Interfederal Olympic Committee, at the Buro &amp; Design Center - NEO\" \/>\n<meta property=\"og:description\" content=\"To make way for the Parc des Sports project, the COIB has vacated the building it occupied on the site. A further step towards the... Continue\" \/>\n<meta property=\"og:url\" content=\"https:\/\/neobrussels.com\/en\/temporary-installation-of-the-coib-belgian-interfederal-olympic-committee-at-the-buro-design-center\/\" \/>\n<meta property=\"og:site_name\" content=\"NEO\" \/>\n<meta property=\"article:published_time\" content=\"2024-05-15T12:07:25+00:00\" \/>\n<meta property=\"article:modified_time\" content=\"2024-05-16T16:43:20+00:00\" \/>\n<meta property=\"og:image\" content=\"https:\/\/neobrussels.com\/wp-content\/uploads\/2024\/05\/PARIS2024.png\" \/>\n\t<meta property=\"og:image:width\" content=\"747\" \/>\n\t<meta property=\"og:image:height\" content=\"512\" \/>\n\t<meta property=\"og:image:type\" content=\"image\/png\" \/>\n<meta name=\"author\" content=\"info@neo.brussels\" \/>\n<meta name=\"twitter:card\" content=\"summary_large_image\" \/>\n<meta name=\"twitter:label1\" content=\"Written by\" \/>\n\t<meta name=\"twitter:data1\" content=\"info@neo.brussels\" \/>\n\t<meta name=\"twitter:label2\" content=\"Est. reading time\" \/>\n\t<meta name=\"twitter:data2\" content=\"1 minute\" \/>\n<script type=\"application\/ld+json\" class=\"yoast-schema-graph\">{\"@context\":\"https:\/\/schema.org\",\"@graph\":[{\"@type\":\"Article\",\"@id\":\"https:\/\/neobrussels.com\/en\/temporary-installation-of-the-coib-belgian-interfederal-olympic-committee-at-the-buro-design-center\/#article\",\"isPartOf\":{\"@id\":\"https:\/\/neobrussels.com\/en\/temporary-installation-of-the-coib-belgian-interfederal-olympic-committee-at-the-buro-design-center\/\"},\"author\":{\"name\":\"info@neo.brussels\",\"@id\":\"https:\/\/neobrussels.com\/en\/#\/schema\/person\/487953ef27c6cd213f3880d2478bad4d\"},\"headline\":\"May 2024 : Temporary installation of the COIB, Belgian Interfederal Olympic Committee, at the Buro &amp; Design Center\",\"datePublished\":\"2024-05-15T12:07:25+00:00\",\"dateModified\":\"2024-05-16T16:43:20+00:00\",\"mainEntityOfPage\":{\"@id\":\"https:\/\/neobrussels.com\/en\/temporary-installation-of-the-coib-belgian-interfederal-olympic-committee-at-the-buro-design-center\/\"},\"wordCount\":248,\"commentCount\":0,\"publisher\":{\"@id\":\"https:\/\/neobrussels.com\/en\/#organization\"},\"image\":{\"@id\":\"https:\/\/neobrussels.com\/en\/temporary-installation-of-the-coib-belgian-interfederal-olympic-committee-at-the-buro-design-center\/#primaryimage\"},\"thumbnailUrl\":\"https:\/\/neobrussels.com\/wp-content\/uploads\/2024\/05\/PARIS2024.png\",\"articleSection\":[\"News\"],\"inLanguage\":\"en-US\",\"potentialAction\":[{\"@type\":\"CommentAction\",\"name\":\"Comment\",\"target\":[\"https:\/\/neobrussels.com\/en\/temporary-installation-of-the-coib-belgian-interfederal-olympic-committee-at-the-buro-design-center\/#respond\"]}]},{\"@type\":\"WebPage\",\"@id\":\"https:\/\/neobrussels.com\/en\/temporary-installation-of-the-coib-belgian-interfederal-olympic-committee-at-the-buro-design-center\/\",\"url\":\"https:\/\/neobrussels.com\/en\/temporary-installation-of-the-coib-belgian-interfederal-olympic-committee-at-the-buro-design-center\/\",\"name\":\"May 2024 : Temporary installation of the COIB, Belgian Interfederal Olympic Committee, at the Buro &amp; Design Center - NEO\",\"isPartOf\":{\"@id\":\"https:\/\/neobrussels.com\/en\/#website\"},\"primaryImageOfPage\":{\"@id\":\"https:\/\/neobrussels.com\/en\/temporary-installation-of-the-coib-belgian-interfederal-olympic-committee-at-the-buro-design-center\/#primaryimage\"},\"image\":{\"@id\":\"https:\/\/neobrussels.com\/en\/temporary-installation-of-the-coib-belgian-interfederal-olympic-committee-at-the-buro-design-center\/#primaryimage\"},\"thumbnailUrl\":\"https:\/\/neobrussels.com\/wp-content\/uploads\/2024\/05\/PARIS2024.png\",\"datePublished\":\"2024-05-15T12:07:25+00:00\",\"dateModified\":\"2024-05-16T16:43:20+00:00\",\"breadcrumb\":{\"@id\":\"https:\/\/neobrussels.com\/en\/temporary-installation-of-the-coib-belgian-interfederal-olympic-committee-at-the-buro-design-center\/#breadcrumb\"},\"inLanguage\":\"en-US\",\"potentialAction\":[{\"@type\":\"ReadAction\",\"target\":[\"https:\/\/neobrussels.com\/en\/temporary-installation-of-the-coib-belgian-interfederal-olympic-committee-at-the-buro-design-center\/\"]}]},{\"@type\":\"ImageObject\",\"inLanguage\":\"en-US\",\"@id\":\"https:\/\/neobrussels.com\/en\/temporary-installation-of-the-coib-belgian-interfederal-olympic-committee-at-the-buro-design-center\/#primaryimage\",\"url\":\"https:\/\/neobrussels.com\/wp-content\/uploads\/2024\/05\/PARIS2024.png\",\"contentUrl\":\"https:\/\/neobrussels.com\/wp-content\/uploads\/2024\/05\/PARIS2024.png\",\"width\":747,\"height\":512},{\"@type\":\"BreadcrumbList\",\"@id\":\"https:\/\/neobrussels.com\/en\/temporary-installation-of-the-coib-belgian-interfederal-olympic-committee-at-the-buro-design-center\/#breadcrumb\",\"itemListElement\":[{\"@type\":\"ListItem\",\"position\":1,\"name\":\"Accueil\",\"item\":\"https:\/\/neobrussels.com\/en\/\"},{\"@type\":\"ListItem\",\"position\":2,\"name\":\"May 2024 : Temporary installation of the COIB, Belgian Interfederal Olympic Committee, at the Buro &amp; Design Center\"}]},{\"@type\":\"WebSite\",\"@id\":\"https:\/\/neobrussels.com\/en\/#website\",\"url\":\"https:\/\/neobrussels.com\/en\/\",\"name\":\"NEO Brussels\",\"description\":\"D\u00e9veloppement et r\u00e9am\u00e9nagement du plateau du Heysel. Une nouvelle ambition pour Bruxelles.\",\"publisher\":{\"@id\":\"https:\/\/neobrussels.com\/en\/#organization\"},\"potentialAction\":[{\"@type\":\"SearchAction\",\"target\":{\"@type\":\"EntryPoint\",\"urlTemplate\":\"https:\/\/neobrussels.com\/en\/?s={search_term_string}\"},\"query-input\":{\"@type\":\"PropertyValueSpecification\",\"valueRequired\":true,\"valueName\":\"search_term_string\"}}],\"inLanguage\":\"en-US\"},{\"@type\":\"Organization\",\"@id\":\"https:\/\/neobrussels.com\/en\/#organization\",\"name\":\"NEO\",\"url\":\"https:\/\/neobrussels.com\/en\/\",\"logo\":{\"@type\":\"ImageObject\",\"inLanguage\":\"en-US\",\"@id\":\"https:\/\/neobrussels.com\/en\/#\/schema\/logo\/image\/\",\"url\":\"https:\/\/neobrussels.com\/wp-content\/uploads\/2025\/01\/Sans-titre-2.png\",\"contentUrl\":\"https:\/\/neobrussels.com\/wp-content\/uploads\/2025\/01\/Sans-titre-2.png\",\"width\":186,\"height\":228,\"caption\":\"NEO\"},\"image\":{\"@id\":\"https:\/\/neobrussels.com\/en\/#\/schema\/logo\/image\/\"},\"sameAs\":[\"https:\/\/www.linkedin.com\/company\/103968427\/admin\/dashboard\/\"]},{\"@type\":\"Person\",\"@id\":\"https:\/\/neobrussels.com\/en\/#\/schema\/person\/487953ef27c6cd213f3880d2478bad4d\",\"name\":\"info@neo.brussels\",\"image\":{\"@type\":\"ImageObject\",\"inLanguage\":\"en-US\",\"@id\":\"https:\/\/neobrussels.com\/en\/#\/schema\/person\/image\/\",\"url\":\"https:\/\/secure.gravatar.com\/avatar\/95da59236bf09eac8d31717f2a19fd0d?s=96&d=mm&r=g\",\"contentUrl\":\"https:\/\/secure.gravatar.com\/avatar\/95da59236bf09eac8d31717f2a19fd0d?s=96&d=mm&r=g\",\"caption\":\"info@neo.brussels\"},\"url\":\"https:\/\/neobrussels.com\/en\/author\/infoneo-brussels\/\"}]}<\/script>\n<!-- \/ Yoast SEO plugin. -->","yoast_head_json":{"title":"May 2024 : Temporary installation of the COIB, Belgian Interfederal Olympic Committee, at the Buro &amp; Design Center - NEO","robots":{"index":"index","follow":"follow","max-snippet":"max-snippet:-1","max-image-preview":"max-image-preview:large","max-video-preview":"max-video-preview:-1"},"canonical":"https:\/\/neobrussels.com\/en\/temporary-installation-of-the-coib-belgian-interfederal-olympic-committee-at-the-buro-design-center\/","og_locale":"en_US","og_type":"article","og_title":"May 2024 : Temporary installation of the COIB, Belgian Interfederal Olympic Committee, at the Buro &amp; Design Center - NEO","og_description":"To make way for the Parc des Sports project, the COIB has vacated the building it occupied on the site. A further step towards the... Continue","og_url":"https:\/\/neobrussels.com\/en\/temporary-installation-of-the-coib-belgian-interfederal-olympic-committee-at-the-buro-design-center\/","og_site_name":"NEO","article_published_time":"2024-05-15T12:07:25+00:00","article_modified_time":"2024-05-16T16:43:20+00:00","og_image":[{"width":747,"height":512,"url":"https:\/\/neobrussels.com\/wp-content\/uploads\/2024\/05\/PARIS2024.png","type":"image\/png"}],"author":"info@neo.brussels","twitter_card":"summary_large_image","twitter_misc":{"Written by":"info@neo.brussels","Est. reading time":"1 minute"},"schema":{"@context":"https:\/\/schema.org","@graph":[{"@type":"Article","@id":"https:\/\/neobrussels.com\/en\/temporary-installation-of-the-coib-belgian-interfederal-olympic-committee-at-the-buro-design-center\/#article","isPartOf":{"@id":"https:\/\/neobrussels.com\/en\/temporary-installation-of-the-coib-belgian-interfederal-olympic-committee-at-the-buro-design-center\/"},"author":{"name":"info@neo.brussels","@id":"https:\/\/neobrussels.com\/en\/#\/schema\/person\/487953ef27c6cd213f3880d2478bad4d"},"headline":"May 2024 : Temporary installation of the COIB, Belgian Interfederal Olympic Committee, at the Buro &amp; Design Center","datePublished":"2024-05-15T12:07:25+00:00","dateModified":"2024-05-16T16:43:20+00:00","mainEntityOfPage":{"@id":"https:\/\/neobrussels.com\/en\/temporary-installation-of-the-coib-belgian-interfederal-olympic-committee-at-the-buro-design-center\/"},"wordCount":248,"commentCount":0,"publisher":{"@id":"https:\/\/neobrussels.com\/en\/#organization"},"image":{"@id":"https:\/\/neobrussels.com\/en\/temporary-installation-of-the-coib-belgian-interfederal-olympic-committee-at-the-buro-design-center\/#primaryimage"},"thumbnailUrl":"https:\/\/neobrussels.com\/wp-content\/uploads\/2024\/05\/PARIS2024.png","articleSection":["News"],"inLanguage":"en-US","potentialAction":[{"@type":"CommentAction","name":"Comment","target":["https:\/\/neobrussels.com\/en\/temporary-installation-of-the-coib-belgian-interfederal-olympic-committee-at-the-buro-design-center\/#respond"]}]},{"@type":"WebPage","@id":"https:\/\/neobrussels.com\/en\/temporary-installation-of-the-coib-belgian-interfederal-olympic-committee-at-the-buro-design-center\/","url":"https:\/\/neobrussels.com\/en\/temporary-installation-of-the-coib-belgian-interfederal-olympic-committee-at-the-buro-design-center\/","name":"May 2024 : Temporary installation of the COIB, Belgian Interfederal Olympic Committee, at the Buro &amp; Design Center - NEO","isPartOf":{"@id":"https:\/\/neobrussels.com\/en\/#website"},"primaryImageOfPage":{"@id":"https:\/\/neobrussels.com\/en\/temporary-installation-of-the-coib-belgian-interfederal-olympic-committee-at-the-buro-design-center\/#primaryimage"},"image":{"@id":"https:\/\/neobrussels.com\/en\/temporary-installation-of-the-coib-belgian-interfederal-olympic-committee-at-the-buro-design-center\/#primaryimage"},"thumbnailUrl":"https:\/\/neobrussels.com\/wp-content\/uploads\/2024\/05\/PARIS2024.png","datePublished":"2024-05-15T12:07:25+00:00","dateModified":"2024-05-16T16:43:20+00:00","breadcrumb":{"@id":"https:\/\/neobrussels.com\/en\/temporary-installation-of-the-coib-belgian-interfederal-olympic-committee-at-the-buro-design-center\/#breadcrumb"},"inLanguage":"en-US","potentialAction":[{"@type":"ReadAction","target":["https:\/\/neobrussels.com\/en\/temporary-installation-of-the-coib-belgian-interfederal-olympic-committee-at-the-buro-design-center\/"]}]},{"@type":"ImageObject","inLanguage":"en-US","@id":"https:\/\/neobrussels.com\/en\/temporary-installation-of-the-coib-belgian-interfederal-olympic-committee-at-the-buro-design-center\/#primaryimage","url":"https:\/\/neobrussels.com\/wp-content\/uploads\/2024\/05\/PARIS2024.png","contentUrl":"https:\/\/neobrussels.com\/wp-content\/uploads\/2024\/05\/PARIS2024.png","width":747,"height":512},{"@type":"BreadcrumbList","@id":"https:\/\/neobrussels.com\/en\/temporary-installation-of-the-coib-belgian-interfederal-olympic-committee-at-the-buro-design-center\/#breadcrumb","itemListElement":[{"@type":"ListItem","position":1,"name":"Accueil","item":"https:\/\/neobrussels.com\/en\/"},{"@type":"ListItem","position":2,"name":"May 2024 : Temporary installation of the COIB, Belgian Interfederal Olympic Committee, at the Buro &amp; Design Center"}]},{"@type":"WebSite","@id":"https:\/\/neobrussels.com\/en\/#website","url":"https:\/\/neobrussels.com\/en\/","name":"NEO Brussels","description":"D\u00e9veloppement et r\u00e9am\u00e9nagement du plateau du Heysel. Une nouvelle ambition pour Bruxelles.","publisher":{"@id":"https:\/\/neobrussels.com\/en\/#organization"},"potentialAction":[{"@type":"SearchAction","target":{"@type":"EntryPoint","urlTemplate":"https:\/\/neobrussels.com\/en\/?s={search_term_string}"},"query-input":{"@type":"PropertyValueSpecification","valueRequired":true,"valueName":"search_term_string"}}],"inLanguage":"en-US"},{"@type":"Organization","@id":"https:\/\/neobrussels.com\/en\/#organization","name":"NEO","url":"https:\/\/neobrussels.com\/en\/","logo":{"@type":"ImageObject","inLanguage":"en-US","@id":"https:\/\/neobrussels.com\/en\/#\/schema\/logo\/image\/","url":"https:\/\/neobrussels.com\/wp-content\/uploads\/2025\/01\/Sans-titre-2.png","contentUrl":"https:\/\/neobrussels.com\/wp-content\/uploads\/2025\/01\/Sans-titre-2.png","width":186,"height":228,"caption":"NEO"},"image":{"@id":"https:\/\/neobrussels.com\/en\/#\/schema\/logo\/image\/"},"sameAs":["https:\/\/www.linkedin.com\/company\/103968427\/admin\/dashboard\/"]},{"@type":"Person","@id":"https:\/\/neobrussels.com\/en\/#\/schema\/person\/487953ef27c6cd213f3880d2478bad4d","name":"info@neo.brussels","image":{"@type":"ImageObject","inLanguage":"en-US","@id":"https:\/\/neobrussels.com\/en\/#\/schema\/person\/image\/","url":"https:\/\/secure.gravatar.com\/avatar\/95da59236bf09eac8d31717f2a19fd0d?s=96&d=mm&r=g","contentUrl":"https:\/\/secure.gravatar.com\/avatar\/95da59236bf09eac8d31717f2a19fd0d?s=96&d=mm&r=g","caption":"info@neo.brussels"},"url":"https:\/\/neobrussels.com\/en\/author\/infoneo-brussels\/"}]}},"_links":{"self":[{"href":"https:\/\/neobrussels.com\/en\/wp-json\/wp\/v2\/posts\/2298","targetHints":{"allow":["GET"]}}],"collection":[{"href":"https:\/\/neobrussels.com\/en\/wp-json\/wp\/v2\/posts"}],"about":[{"href":"https:\/\/neobrussels.com\/en\/wp-json\/wp\/v2\/types\/post"}],"author":[{"embeddable":true,"href":"https:\/\/neobrussels.com\/en\/wp-json\/wp\/v2\/users\/2"}],"replies":[{"embeddable":true,"href":"https:\/\/neobrussels.com\/en\/wp-json\/wp\/v2\/comments?post=2298"}],"version-history":[{"count":2,"href":"https:\/\/neobrussels.com\/en\/wp-json\/wp\/v2\/posts\/2298\/revisions"}],"predecessor-version":[{"id":2369,"href":"https:\/\/neobrussels.com\/en\/wp-json\/wp\/v2\/posts\/2298\/revisions\/2369"}],"wp:featuredmedia":[{"embeddable":true,"href":"https:\/\/neobrussels.com\/en\/wp-json\/wp\/v2\/media\/2288"}],"wp:attachment":[{"href":"https:\/\/neobrussels.com\/en\/wp-json\/wp\/v2\/media?parent=2298"}],"wp:term":[{"taxonomy":"category","embeddable":true,"href":"https:\/\/neobrussels.com\/en\/wp-json\/wp\/v2\/categories?post=2298"},{"taxonomy":"post_tag","embeddable":true,"href":"https:\/\/neobrussels.com\/en\/wp-json\/wp\/v2\/tags?post=2298"}],"curies":[{"name":"wp","href":"https:\/\/api.w.org\/{rel}","templated":true}]}}