{"id":2166,"date":"2023-08-17T11:12:02","date_gmt":"2023-08-17T09:12:02","guid":{"rendered":"https:\/\/neobrussels.com\/?p=2166"},"modified":"2024-05-16T18:41:55","modified_gmt":"2024-05-16T16:41:55","slug":"a-busy-summer-on-the-heysel-plateau","status":"publish","type":"post","link":"https:\/\/neobrussels.com\/en\/a-busy-summer-on-the-heysel-plateau\/","title":{"rendered":"June 2023 : A busy summer on the Heysel plateau!"},"content":{"rendered":"\r\n<p>A great summer is taking shape on the Heysel plateau. All sorts of things are going on there at the moment alongside the public enquiry currently underway as part of the NEO project, which is charting the course for the redevelopment of the site, and the Couleur Caf\u00e9 festival, which has just closed its doors after an ever so successful year! Activities that are particularly popular with visitors are on the agenda this summer. At the Planetarium, You must not miss the screening of Pink Floyd&#8217;s film The Dark Side of The Moon at the Planetarium, which invites you to discover a 360\u00b0 film specially created to illustrate the ten tracks on the legendary album as it celebrates its 50th anniversary. The musical tracks are accompanied by images of the solar system mixed with visual effects designed with the participation of the graphic artist who created the album&#8217;s visuals. Further screenings are scheduled for 18 July, 1 and 16 August at 6:30 and 8:00 pm, but don&#8217;t delay &#8211; tickets sell out as soon as they box office opens! The Johnny exhibition has been exceptionally extended until 20 August due to its success. In a space of over 2000 m\u00b2, visitors are plunged into the singer&#8217;s life, from his teenage bedroom to his identically reconstructed office in Marnes-la-Coquette, via America and Saint-Barth, where he now rests. This journey through the life and career of Johnny Hallyday is punctuated by musical, performing and personal memories, thanks to exceptional staging and an immersive experience. Fans of the TV series can take in the Friends exhibition on the Heysel stage, a choice venue after the international cities of Boston, New York and Paris, where the exhibition was a great success, as they will be able to recreate their favourite scenes and celebrate some of the show&#8217;s most iconic moments in an incredibly interactive experience. The particularly festive atmosphere of the moment is a prelude to NEO, which is intended to recreate a real \u2018part of the city&#8217; on the Heysel plateau, combining historical lustre and ambitious functions and leisure through housing, shops, green spaces, sports facilities, quality architecture, exceptional accessibility and ambitious environmental performance.<\/p>\r\n","protected":false},"excerpt":{"rendered":"<p>A great summer is taking shape on the Heysel plateau. All sorts of things are going on there at the moment alongside the public enquiry&#8230; <a class=\"more\" href=\"https:\/\/neobrussels.com\/en\/a-busy-summer-on-the-heysel-plateau\/\">Continue<\/a><\/p>\n","protected":false},"author":2,"featured_media":2167,"comment_status":"open","ping_status":"open","sticky":false,"template":"","format":"standard","meta":{"_acf_changed":false,"footnotes":""},"categories":[20],"tags":[],"class_list":["post-2166","post","type-post","status-publish","format-standard","has-post-thumbnail","hentry","category-news"],"acf":[],"yoast_head":"<!-- This site is optimized with the Yoast SEO plugin v24.2 - https:\/\/yoast.com\/wordpress\/plugins\/seo\/ -->\n<title>June 2023 : A busy summer on the Heysel plateau! - NEO<\/title>\n<meta name=\"robots\" content=\"index, follow, max-snippet:-1, max-image-preview:large, max-video-preview:-1\" \/>\n<link rel=\"canonical\" href=\"https:\/\/neobrussels.com\/en\/a-busy-summer-on-the-heysel-plateau\/\" \/>\n<meta property=\"og:locale\" content=\"en_US\" \/>\n<meta property=\"og:type\" content=\"article\" \/>\n<meta property=\"og:title\" content=\"June 2023 : A busy summer on the Heysel plateau! - NEO\" \/>\n<meta property=\"og:description\" content=\"A great summer is taking shape on the Heysel plateau. All sorts of things are going on there at the moment alongside the public enquiry... Continue\" \/>\n<meta property=\"og:url\" content=\"https:\/\/neobrussels.com\/en\/a-busy-summer-on-the-heysel-plateau\/\" \/>\n<meta property=\"og:site_name\" content=\"NEO\" \/>\n<meta property=\"article:published_time\" content=\"2023-08-17T09:12:02+00:00\" \/>\n<meta property=\"article:modified_time\" content=\"2024-05-16T16:41:55+00:00\" \/>\n<meta property=\"og:image\" content=\"https:\/\/neobrussels.com\/wp-content\/uploads\/2023\/08\/Dark-Side.jpg\" \/>\n\t<meta property=\"og:image:width\" content=\"700\" \/>\n\t<meta property=\"og:image:height\" content=\"1000\" \/>\n\t<meta property=\"og:image:type\" content=\"image\/jpeg\" \/>\n<meta name=\"author\" content=\"info@neo.brussels\" \/>\n<meta name=\"twitter:card\" content=\"summary_large_image\" \/>\n<meta name=\"twitter:label1\" content=\"Written by\" \/>\n\t<meta name=\"twitter:data1\" content=\"info@neo.brussels\" \/>\n\t<meta name=\"twitter:label2\" content=\"Est. reading time\" \/>\n\t<meta name=\"twitter:data2\" content=\"2 minutes\" \/>\n<script type=\"application\/ld+json\" class=\"yoast-schema-graph\">{\"@context\":\"https:\/\/schema.org\",\"@graph\":[{\"@type\":\"Article\",\"@id\":\"https:\/\/neobrussels.com\/en\/a-busy-summer-on-the-heysel-plateau\/#article\",\"isPartOf\":{\"@id\":\"https:\/\/neobrussels.com\/en\/a-busy-summer-on-the-heysel-plateau\/\"},\"author\":{\"name\":\"info@neo.brussels\",\"@id\":\"https:\/\/neobrussels.com\/en\/#\/schema\/person\/487953ef27c6cd213f3880d2478bad4d\"},\"headline\":\"June 2023 : A busy summer on the Heysel plateau!\",\"datePublished\":\"2023-08-17T09:12:02+00:00\",\"dateModified\":\"2024-05-16T16:41:55+00:00\",\"mainEntityOfPage\":{\"@id\":\"https:\/\/neobrussels.com\/en\/a-busy-summer-on-the-heysel-plateau\/\"},\"wordCount\":366,\"commentCount\":0,\"publisher\":{\"@id\":\"https:\/\/neobrussels.com\/en\/#organization\"},\"image\":{\"@id\":\"https:\/\/neobrussels.com\/en\/a-busy-summer-on-the-heysel-plateau\/#primaryimage\"},\"thumbnailUrl\":\"https:\/\/neobrussels.com\/wp-content\/uploads\/2023\/08\/Dark-Side.jpg\",\"articleSection\":[\"News\"],\"inLanguage\":\"en-US\",\"potentialAction\":[{\"@type\":\"CommentAction\",\"name\":\"Comment\",\"target\":[\"https:\/\/neobrussels.com\/en\/a-busy-summer-on-the-heysel-plateau\/#respond\"]}]},{\"@type\":\"WebPage\",\"@id\":\"https:\/\/neobrussels.com\/en\/a-busy-summer-on-the-heysel-plateau\/\",\"url\":\"https:\/\/neobrussels.com\/en\/a-busy-summer-on-the-heysel-plateau\/\",\"name\":\"June 2023 : A busy summer on the Heysel plateau! - NEO\",\"isPartOf\":{\"@id\":\"https:\/\/neobrussels.com\/en\/#website\"},\"primaryImageOfPage\":{\"@id\":\"https:\/\/neobrussels.com\/en\/a-busy-summer-on-the-heysel-plateau\/#primaryimage\"},\"image\":{\"@id\":\"https:\/\/neobrussels.com\/en\/a-busy-summer-on-the-heysel-plateau\/#primaryimage\"},\"thumbnailUrl\":\"https:\/\/neobrussels.com\/wp-content\/uploads\/2023\/08\/Dark-Side.jpg\",\"datePublished\":\"2023-08-17T09:12:02+00:00\",\"dateModified\":\"2024-05-16T16:41:55+00:00\",\"breadcrumb\":{\"@id\":\"https:\/\/neobrussels.com\/en\/a-busy-summer-on-the-heysel-plateau\/#breadcrumb\"},\"inLanguage\":\"en-US\",\"potentialAction\":[{\"@type\":\"ReadAction\",\"target\":[\"https:\/\/neobrussels.com\/en\/a-busy-summer-on-the-heysel-plateau\/\"]}]},{\"@type\":\"ImageObject\",\"inLanguage\":\"en-US\",\"@id\":\"https:\/\/neobrussels.com\/en\/a-busy-summer-on-the-heysel-plateau\/#primaryimage\",\"url\":\"https:\/\/neobrussels.com\/wp-content\/uploads\/2023\/08\/Dark-Side.jpg\",\"contentUrl\":\"https:\/\/neobrussels.com\/wp-content\/uploads\/2023\/08\/Dark-Side.jpg\",\"width\":700,\"height\":1000},{\"@type\":\"BreadcrumbList\",\"@id\":\"https:\/\/neobrussels.com\/en\/a-busy-summer-on-the-heysel-plateau\/#breadcrumb\",\"itemListElement\":[{\"@type\":\"ListItem\",\"position\":1,\"name\":\"Accueil\",\"item\":\"https:\/\/neobrussels.com\/en\/\"},{\"@type\":\"ListItem\",\"position\":2,\"name\":\"June 2023 : A busy summer on the Heysel plateau!\"}]},{\"@type\":\"WebSite\",\"@id\":\"https:\/\/neobrussels.com\/en\/#website\",\"url\":\"https:\/\/neobrussels.com\/en\/\",\"name\":\"NEO Brussels\",\"description\":\"D\u00e9veloppement et r\u00e9am\u00e9nagement du plateau du Heysel. Une nouvelle ambition pour Bruxelles.\",\"publisher\":{\"@id\":\"https:\/\/neobrussels.com\/en\/#organization\"},\"potentialAction\":[{\"@type\":\"SearchAction\",\"target\":{\"@type\":\"EntryPoint\",\"urlTemplate\":\"https:\/\/neobrussels.com\/en\/?s={search_term_string}\"},\"query-input\":{\"@type\":\"PropertyValueSpecification\",\"valueRequired\":true,\"valueName\":\"search_term_string\"}}],\"inLanguage\":\"en-US\"},{\"@type\":\"Organization\",\"@id\":\"https:\/\/neobrussels.com\/en\/#organization\",\"name\":\"NEO\",\"url\":\"https:\/\/neobrussels.com\/en\/\",\"logo\":{\"@type\":\"ImageObject\",\"inLanguage\":\"en-US\",\"@id\":\"https:\/\/neobrussels.com\/en\/#\/schema\/logo\/image\/\",\"url\":\"https:\/\/neobrussels.com\/wp-content\/uploads\/2025\/01\/Sans-titre-2.png\",\"contentUrl\":\"https:\/\/neobrussels.com\/wp-content\/uploads\/2025\/01\/Sans-titre-2.png\",\"width\":186,\"height\":228,\"caption\":\"NEO\"},\"image\":{\"@id\":\"https:\/\/neobrussels.com\/en\/#\/schema\/logo\/image\/\"},\"sameAs\":[\"https:\/\/www.linkedin.com\/company\/103968427\/admin\/dashboard\/\"]},{\"@type\":\"Person\",\"@id\":\"https:\/\/neobrussels.com\/en\/#\/schema\/person\/487953ef27c6cd213f3880d2478bad4d\",\"name\":\"info@neo.brussels\",\"image\":{\"@type\":\"ImageObject\",\"inLanguage\":\"en-US\",\"@id\":\"https:\/\/neobrussels.com\/en\/#\/schema\/person\/image\/\",\"url\":\"https:\/\/secure.gravatar.com\/avatar\/95da59236bf09eac8d31717f2a19fd0d?s=96&d=mm&r=g\",\"contentUrl\":\"https:\/\/secure.gravatar.com\/avatar\/95da59236bf09eac8d31717f2a19fd0d?s=96&d=mm&r=g\",\"caption\":\"info@neo.brussels\"},\"url\":\"https:\/\/neobrussels.com\/en\/author\/infoneo-brussels\/\"}]}<\/script>\n<!-- \/ Yoast SEO plugin. -->","yoast_head_json":{"title":"June 2023 : A busy summer on the Heysel plateau! - NEO","robots":{"index":"index","follow":"follow","max-snippet":"max-snippet:-1","max-image-preview":"max-image-preview:large","max-video-preview":"max-video-preview:-1"},"canonical":"https:\/\/neobrussels.com\/en\/a-busy-summer-on-the-heysel-plateau\/","og_locale":"en_US","og_type":"article","og_title":"June 2023 : A busy summer on the Heysel plateau! - NEO","og_description":"A great summer is taking shape on the Heysel plateau. All sorts of things are going on there at the moment alongside the public enquiry... Continue","og_url":"https:\/\/neobrussels.com\/en\/a-busy-summer-on-the-heysel-plateau\/","og_site_name":"NEO","article_published_time":"2023-08-17T09:12:02+00:00","article_modified_time":"2024-05-16T16:41:55+00:00","og_image":[{"width":700,"height":1000,"url":"https:\/\/neobrussels.com\/wp-content\/uploads\/2023\/08\/Dark-Side.jpg","type":"image\/jpeg"}],"author":"info@neo.brussels","twitter_card":"summary_large_image","twitter_misc":{"Written by":"info@neo.brussels","Est. reading time":"2 minutes"},"schema":{"@context":"https:\/\/schema.org","@graph":[{"@type":"Article","@id":"https:\/\/neobrussels.com\/en\/a-busy-summer-on-the-heysel-plateau\/#article","isPartOf":{"@id":"https:\/\/neobrussels.com\/en\/a-busy-summer-on-the-heysel-plateau\/"},"author":{"name":"info@neo.brussels","@id":"https:\/\/neobrussels.com\/en\/#\/schema\/person\/487953ef27c6cd213f3880d2478bad4d"},"headline":"June 2023 : A busy summer on the Heysel plateau!","datePublished":"2023-08-17T09:12:02+00:00","dateModified":"2024-05-16T16:41:55+00:00","mainEntityOfPage":{"@id":"https:\/\/neobrussels.com\/en\/a-busy-summer-on-the-heysel-plateau\/"},"wordCount":366,"commentCount":0,"publisher":{"@id":"https:\/\/neobrussels.com\/en\/#organization"},"image":{"@id":"https:\/\/neobrussels.com\/en\/a-busy-summer-on-the-heysel-plateau\/#primaryimage"},"thumbnailUrl":"https:\/\/neobrussels.com\/wp-content\/uploads\/2023\/08\/Dark-Side.jpg","articleSection":["News"],"inLanguage":"en-US","potentialAction":[{"@type":"CommentAction","name":"Comment","target":["https:\/\/neobrussels.com\/en\/a-busy-summer-on-the-heysel-plateau\/#respond"]}]},{"@type":"WebPage","@id":"https:\/\/neobrussels.com\/en\/a-busy-summer-on-the-heysel-plateau\/","url":"https:\/\/neobrussels.com\/en\/a-busy-summer-on-the-heysel-plateau\/","name":"June 2023 : A busy summer on the Heysel plateau! - NEO","isPartOf":{"@id":"https:\/\/neobrussels.com\/en\/#website"},"primaryImageOfPage":{"@id":"https:\/\/neobrussels.com\/en\/a-busy-summer-on-the-heysel-plateau\/#primaryimage"},"image":{"@id":"https:\/\/neobrussels.com\/en\/a-busy-summer-on-the-heysel-plateau\/#primaryimage"},"thumbnailUrl":"https:\/\/neobrussels.com\/wp-content\/uploads\/2023\/08\/Dark-Side.jpg","datePublished":"2023-08-17T09:12:02+00:00","dateModified":"2024-05-16T16:41:55+00:00","breadcrumb":{"@id":"https:\/\/neobrussels.com\/en\/a-busy-summer-on-the-heysel-plateau\/#breadcrumb"},"inLanguage":"en-US","potentialAction":[{"@type":"ReadAction","target":["https:\/\/neobrussels.com\/en\/a-busy-summer-on-the-heysel-plateau\/"]}]},{"@type":"ImageObject","inLanguage":"en-US","@id":"https:\/\/neobrussels.com\/en\/a-busy-summer-on-the-heysel-plateau\/#primaryimage","url":"https:\/\/neobrussels.com\/wp-content\/uploads\/2023\/08\/Dark-Side.jpg","contentUrl":"https:\/\/neobrussels.com\/wp-content\/uploads\/2023\/08\/Dark-Side.jpg","width":700,"height":1000},{"@type":"BreadcrumbList","@id":"https:\/\/neobrussels.com\/en\/a-busy-summer-on-the-heysel-plateau\/#breadcrumb","itemListElement":[{"@type":"ListItem","position":1,"name":"Accueil","item":"https:\/\/neobrussels.com\/en\/"},{"@type":"ListItem","position":2,"name":"June 2023 : A busy summer on the Heysel plateau!"}]},{"@type":"WebSite","@id":"https:\/\/neobrussels.com\/en\/#website","url":"https:\/\/neobrussels.com\/en\/","name":"NEO Brussels","description":"D\u00e9veloppement et r\u00e9am\u00e9nagement du plateau du Heysel. Une nouvelle ambition pour Bruxelles.","publisher":{"@id":"https:\/\/neobrussels.com\/en\/#organization"},"potentialAction":[{"@type":"SearchAction","target":{"@type":"EntryPoint","urlTemplate":"https:\/\/neobrussels.com\/en\/?s={search_term_string}"},"query-input":{"@type":"PropertyValueSpecification","valueRequired":true,"valueName":"search_term_string"}}],"inLanguage":"en-US"},{"@type":"Organization","@id":"https:\/\/neobrussels.com\/en\/#organization","name":"NEO","url":"https:\/\/neobrussels.com\/en\/","logo":{"@type":"ImageObject","inLanguage":"en-US","@id":"https:\/\/neobrussels.com\/en\/#\/schema\/logo\/image\/","url":"https:\/\/neobrussels.com\/wp-content\/uploads\/2025\/01\/Sans-titre-2.png","contentUrl":"https:\/\/neobrussels.com\/wp-content\/uploads\/2025\/01\/Sans-titre-2.png","width":186,"height":228,"caption":"NEO"},"image":{"@id":"https:\/\/neobrussels.com\/en\/#\/schema\/logo\/image\/"},"sameAs":["https:\/\/www.linkedin.com\/company\/103968427\/admin\/dashboard\/"]},{"@type":"Person","@id":"https:\/\/neobrussels.com\/en\/#\/schema\/person\/487953ef27c6cd213f3880d2478bad4d","name":"info@neo.brussels","image":{"@type":"ImageObject","inLanguage":"en-US","@id":"https:\/\/neobrussels.com\/en\/#\/schema\/person\/image\/","url":"https:\/\/secure.gravatar.com\/avatar\/95da59236bf09eac8d31717f2a19fd0d?s=96&d=mm&r=g","contentUrl":"https:\/\/secure.gravatar.com\/avatar\/95da59236bf09eac8d31717f2a19fd0d?s=96&d=mm&r=g","caption":"info@neo.brussels"},"url":"https:\/\/neobrussels.com\/en\/author\/infoneo-brussels\/"}]}},"_links":{"self":[{"href":"https:\/\/neobrussels.com\/en\/wp-json\/wp\/v2\/posts\/2166","targetHints":{"allow":["GET"]}}],"collection":[{"href":"https:\/\/neobrussels.com\/en\/wp-json\/wp\/v2\/posts"}],"about":[{"href":"https:\/\/neobrussels.com\/en\/wp-json\/wp\/v2\/types\/post"}],"author":[{"embeddable":true,"href":"https:\/\/neobrussels.com\/en\/wp-json\/wp\/v2\/users\/2"}],"replies":[{"embeddable":true,"href":"https:\/\/neobrussels.com\/en\/wp-json\/wp\/v2\/comments?post=2166"}],"version-history":[{"count":2,"href":"https:\/\/neobrussels.com\/en\/wp-json\/wp\/v2\/posts\/2166\/revisions"}],"predecessor-version":[{"id":2365,"href":"https:\/\/neobrussels.com\/en\/wp-json\/wp\/v2\/posts\/2166\/revisions\/2365"}],"wp:featuredmedia":[{"embeddable":true,"href":"https:\/\/neobrussels.com\/en\/wp-json\/wp\/v2\/media\/2167"}],"wp:attachment":[{"href":"https:\/\/neobrussels.com\/en\/wp-json\/wp\/v2\/media?parent=2166"}],"wp:term":[{"taxonomy":"category","embeddable":true,"href":"https:\/\/neobrussels.com\/en\/wp-json\/wp\/v2\/categories?post=2166"},{"taxonomy":"post_tag","embeddable":true,"href":"https:\/\/neobrussels.com\/en\/wp-json\/wp\/v2\/tags?post=2166"}],"curies":[{"name":"wp","href":"https:\/\/api.w.org\/{rel}","templated":true}]}}