{"id":2162,"date":"2023-08-16T19:06:43","date_gmt":"2023-08-16T17:06:43","guid":{"rendered":"https:\/\/neobrussels.com\/?p=2162"},"modified":"2024-05-16T18:40:57","modified_gmt":"2024-05-16T16:40:57","slug":"heysel-pras-amendment-soon-to-go-to-public-enquiry","status":"publish","type":"post","link":"https:\/\/neobrussels.com\/en\/heysel-pras-amendment-soon-to-go-to-public-enquiry\/","title":{"rendered":"May 2023 : Heysel PRAS amendment soon to go to public enquiry"},"content":{"rendered":"\r\n<p>One year ago, in 2022, the amendment to the PRAS required for the redeployment of the Heysel plateau was put out to public enquiry. The many comments made during the 2022 public enquiry have been analysed by the Region and &#8211; as far as possible &#8211; incorporated into a &#8220;draft adapted Heysel PRAS&#8221;.<\/p>\r\n\r\n\r\n\r\n<p>This &#8220;adapted Heysel PRAS project&#8221; was recently analysed by the Council of Ministers (April 2023), which &#8211; in view of the substantial modifications made on the basis of the comments from the 2022 public enquiry &#8211; decided to submit this adapted PRAS to a new public enquiry.<\/p>\r\n\r\n\r\n\r\n<p>This &#8220;draft adapted PRAS&#8221; &#8211; which still provides for a ZIR (Zone of Regional Interest) &#8211; will therefore again be submitted to a public enquiry between now and the 2023 summer holidays, before returning once again to the government table at the end of 2023 (for final adoption).<\/p>\r\n\r\n\r\n\r\n<p>NEO is delighted with the progress being made on this dossier, which sets out the future redevelopment of the Heysel plateau, identifying possible future uses (housing, shops, leisure activities, green spaces, etc.).<\/p>\r\n\r\n\r\n\r\n<p>By the end of 2023, NEO hopes to have the legal basis required for the redevelopment of the Plateau du Heysel into a genuine &#8220;new part of the city&#8221;, with the aim of recreating the site&#8217;s historic lustre by accommodating ambitious functions, a broad social mix, high-quality architecture, exceptional accessibility (pedestrians, cyclists, public transport, cars, etc.) and ambitious environmental performance to make it a leading family, tourist and economic destination.<br \/>Stay tuned!<\/p>\r\n","protected":false},"excerpt":{"rendered":"<p>One year ago, in 2022, the amendment to the PRAS required for the redeployment of the Heysel plateau was put out to public enquiry. The&#8230; <a class=\"more\" href=\"https:\/\/neobrussels.com\/en\/heysel-pras-amendment-soon-to-go-to-public-enquiry\/\">Continue<\/a><\/p>\n","protected":false},"author":2,"featured_media":2158,"comment_status":"open","ping_status":"open","sticky":false,"template":"","format":"standard","meta":{"_acf_changed":false,"footnotes":""},"categories":[20],"tags":[],"class_list":["post-2162","post","type-post","status-publish","format-standard","has-post-thumbnail","hentry","category-news"],"acf":[],"yoast_head":"<!-- This site is optimized with the Yoast SEO plugin v24.2 - https:\/\/yoast.com\/wordpress\/plugins\/seo\/ -->\n<title>May 2023 : Heysel PRAS amendment soon to go to public enquiry - NEO<\/title>\n<meta name=\"robots\" content=\"index, follow, max-snippet:-1, max-image-preview:large, max-video-preview:-1\" \/>\n<link rel=\"canonical\" href=\"https:\/\/neobrussels.com\/en\/heysel-pras-amendment-soon-to-go-to-public-enquiry\/\" \/>\n<meta property=\"og:locale\" content=\"en_US\" \/>\n<meta property=\"og:type\" content=\"article\" \/>\n<meta property=\"og:title\" content=\"May 2023 : Heysel PRAS amendment soon to go to public enquiry - NEO\" \/>\n<meta property=\"og:description\" content=\"One year ago, in 2022, the amendment to the PRAS required for the redeployment of the Heysel plateau was put out to public enquiry. The... Continue\" \/>\n<meta property=\"og:url\" content=\"https:\/\/neobrussels.com\/en\/heysel-pras-amendment-soon-to-go-to-public-enquiry\/\" \/>\n<meta property=\"og:site_name\" content=\"NEO\" \/>\n<meta property=\"article:published_time\" content=\"2023-08-16T17:06:43+00:00\" \/>\n<meta property=\"article:modified_time\" content=\"2024-05-16T16:40:57+00:00\" \/>\n<meta property=\"og:image\" content=\"https:\/\/neobrussels.com\/wp-content\/uploads\/2023\/08\/visuelnewssite_2.jpg\" \/>\n\t<meta property=\"og:image:width\" content=\"800\" \/>\n\t<meta property=\"og:image:height\" content=\"520\" \/>\n\t<meta property=\"og:image:type\" content=\"image\/jpeg\" \/>\n<meta name=\"author\" content=\"info@neo.brussels\" \/>\n<meta name=\"twitter:card\" content=\"summary_large_image\" \/>\n<meta name=\"twitter:label1\" content=\"Written by\" \/>\n\t<meta name=\"twitter:data1\" content=\"info@neo.brussels\" \/>\n\t<meta name=\"twitter:label2\" content=\"Est. reading time\" \/>\n\t<meta name=\"twitter:data2\" content=\"1 minute\" \/>\n<script type=\"application\/ld+json\" class=\"yoast-schema-graph\">{\"@context\":\"https:\/\/schema.org\",\"@graph\":[{\"@type\":\"Article\",\"@id\":\"https:\/\/neobrussels.com\/en\/heysel-pras-amendment-soon-to-go-to-public-enquiry\/#article\",\"isPartOf\":{\"@id\":\"https:\/\/neobrussels.com\/en\/heysel-pras-amendment-soon-to-go-to-public-enquiry\/\"},\"author\":{\"name\":\"info@neo.brussels\",\"@id\":\"https:\/\/neobrussels.com\/en\/#\/schema\/person\/487953ef27c6cd213f3880d2478bad4d\"},\"headline\":\"May 2023 : Heysel PRAS amendment soon to go to public enquiry\",\"datePublished\":\"2023-08-16T17:06:43+00:00\",\"dateModified\":\"2024-05-16T16:40:57+00:00\",\"mainEntityOfPage\":{\"@id\":\"https:\/\/neobrussels.com\/en\/heysel-pras-amendment-soon-to-go-to-public-enquiry\/\"},\"wordCount\":256,\"commentCount\":0,\"publisher\":{\"@id\":\"https:\/\/neobrussels.com\/en\/#organization\"},\"image\":{\"@id\":\"https:\/\/neobrussels.com\/en\/heysel-pras-amendment-soon-to-go-to-public-enquiry\/#primaryimage\"},\"thumbnailUrl\":\"https:\/\/neobrussels.com\/wp-content\/uploads\/2023\/08\/visuelnewssite_2.jpg\",\"articleSection\":[\"News\"],\"inLanguage\":\"en-US\",\"potentialAction\":[{\"@type\":\"CommentAction\",\"name\":\"Comment\",\"target\":[\"https:\/\/neobrussels.com\/en\/heysel-pras-amendment-soon-to-go-to-public-enquiry\/#respond\"]}]},{\"@type\":\"WebPage\",\"@id\":\"https:\/\/neobrussels.com\/en\/heysel-pras-amendment-soon-to-go-to-public-enquiry\/\",\"url\":\"https:\/\/neobrussels.com\/en\/heysel-pras-amendment-soon-to-go-to-public-enquiry\/\",\"name\":\"May 2023 : Heysel PRAS amendment soon to go to public enquiry - NEO\",\"isPartOf\":{\"@id\":\"https:\/\/neobrussels.com\/en\/#website\"},\"primaryImageOfPage\":{\"@id\":\"https:\/\/neobrussels.com\/en\/heysel-pras-amendment-soon-to-go-to-public-enquiry\/#primaryimage\"},\"image\":{\"@id\":\"https:\/\/neobrussels.com\/en\/heysel-pras-amendment-soon-to-go-to-public-enquiry\/#primaryimage\"},\"thumbnailUrl\":\"https:\/\/neobrussels.com\/wp-content\/uploads\/2023\/08\/visuelnewssite_2.jpg\",\"datePublished\":\"2023-08-16T17:06:43+00:00\",\"dateModified\":\"2024-05-16T16:40:57+00:00\",\"breadcrumb\":{\"@id\":\"https:\/\/neobrussels.com\/en\/heysel-pras-amendment-soon-to-go-to-public-enquiry\/#breadcrumb\"},\"inLanguage\":\"en-US\",\"potentialAction\":[{\"@type\":\"ReadAction\",\"target\":[\"https:\/\/neobrussels.com\/en\/heysel-pras-amendment-soon-to-go-to-public-enquiry\/\"]}]},{\"@type\":\"ImageObject\",\"inLanguage\":\"en-US\",\"@id\":\"https:\/\/neobrussels.com\/en\/heysel-pras-amendment-soon-to-go-to-public-enquiry\/#primaryimage\",\"url\":\"https:\/\/neobrussels.com\/wp-content\/uploads\/2023\/08\/visuelnewssite_2.jpg\",\"contentUrl\":\"https:\/\/neobrussels.com\/wp-content\/uploads\/2023\/08\/visuelnewssite_2.jpg\",\"width\":800,\"height\":520},{\"@type\":\"BreadcrumbList\",\"@id\":\"https:\/\/neobrussels.com\/en\/heysel-pras-amendment-soon-to-go-to-public-enquiry\/#breadcrumb\",\"itemListElement\":[{\"@type\":\"ListItem\",\"position\":1,\"name\":\"Accueil\",\"item\":\"https:\/\/neobrussels.com\/en\/\"},{\"@type\":\"ListItem\",\"position\":2,\"name\":\"May 2023 : Heysel PRAS amendment soon to go to public enquiry\"}]},{\"@type\":\"WebSite\",\"@id\":\"https:\/\/neobrussels.com\/en\/#website\",\"url\":\"https:\/\/neobrussels.com\/en\/\",\"name\":\"NEO Brussels\",\"description\":\"D\u00e9veloppement et r\u00e9am\u00e9nagement du plateau du Heysel. Une nouvelle ambition pour Bruxelles.\",\"publisher\":{\"@id\":\"https:\/\/neobrussels.com\/en\/#organization\"},\"potentialAction\":[{\"@type\":\"SearchAction\",\"target\":{\"@type\":\"EntryPoint\",\"urlTemplate\":\"https:\/\/neobrussels.com\/en\/?s={search_term_string}\"},\"query-input\":{\"@type\":\"PropertyValueSpecification\",\"valueRequired\":true,\"valueName\":\"search_term_string\"}}],\"inLanguage\":\"en-US\"},{\"@type\":\"Organization\",\"@id\":\"https:\/\/neobrussels.com\/en\/#organization\",\"name\":\"NEO\",\"url\":\"https:\/\/neobrussels.com\/en\/\",\"logo\":{\"@type\":\"ImageObject\",\"inLanguage\":\"en-US\",\"@id\":\"https:\/\/neobrussels.com\/en\/#\/schema\/logo\/image\/\",\"url\":\"https:\/\/neobrussels.com\/wp-content\/uploads\/2025\/01\/Sans-titre-2.png\",\"contentUrl\":\"https:\/\/neobrussels.com\/wp-content\/uploads\/2025\/01\/Sans-titre-2.png\",\"width\":186,\"height\":228,\"caption\":\"NEO\"},\"image\":{\"@id\":\"https:\/\/neobrussels.com\/en\/#\/schema\/logo\/image\/\"},\"sameAs\":[\"https:\/\/www.linkedin.com\/company\/103968427\/admin\/dashboard\/\"]},{\"@type\":\"Person\",\"@id\":\"https:\/\/neobrussels.com\/en\/#\/schema\/person\/487953ef27c6cd213f3880d2478bad4d\",\"name\":\"info@neo.brussels\",\"image\":{\"@type\":\"ImageObject\",\"inLanguage\":\"en-US\",\"@id\":\"https:\/\/neobrussels.com\/en\/#\/schema\/person\/image\/\",\"url\":\"https:\/\/secure.gravatar.com\/avatar\/95da59236bf09eac8d31717f2a19fd0d?s=96&d=mm&r=g\",\"contentUrl\":\"https:\/\/secure.gravatar.com\/avatar\/95da59236bf09eac8d31717f2a19fd0d?s=96&d=mm&r=g\",\"caption\":\"info@neo.brussels\"},\"url\":\"https:\/\/neobrussels.com\/en\/author\/infoneo-brussels\/\"}]}<\/script>\n<!-- \/ Yoast SEO plugin. -->","yoast_head_json":{"title":"May 2023 : Heysel PRAS amendment soon to go to public enquiry - NEO","robots":{"index":"index","follow":"follow","max-snippet":"max-snippet:-1","max-image-preview":"max-image-preview:large","max-video-preview":"max-video-preview:-1"},"canonical":"https:\/\/neobrussels.com\/en\/heysel-pras-amendment-soon-to-go-to-public-enquiry\/","og_locale":"en_US","og_type":"article","og_title":"May 2023 : Heysel PRAS amendment soon to go to public enquiry - NEO","og_description":"One year ago, in 2022, the amendment to the PRAS required for the redeployment of the Heysel plateau was put out to public enquiry. The... Continue","og_url":"https:\/\/neobrussels.com\/en\/heysel-pras-amendment-soon-to-go-to-public-enquiry\/","og_site_name":"NEO","article_published_time":"2023-08-16T17:06:43+00:00","article_modified_time":"2024-05-16T16:40:57+00:00","og_image":[{"width":800,"height":520,"url":"https:\/\/neobrussels.com\/wp-content\/uploads\/2023\/08\/visuelnewssite_2.jpg","type":"image\/jpeg"}],"author":"info@neo.brussels","twitter_card":"summary_large_image","twitter_misc":{"Written by":"info@neo.brussels","Est. reading time":"1 minute"},"schema":{"@context":"https:\/\/schema.org","@graph":[{"@type":"Article","@id":"https:\/\/neobrussels.com\/en\/heysel-pras-amendment-soon-to-go-to-public-enquiry\/#article","isPartOf":{"@id":"https:\/\/neobrussels.com\/en\/heysel-pras-amendment-soon-to-go-to-public-enquiry\/"},"author":{"name":"info@neo.brussels","@id":"https:\/\/neobrussels.com\/en\/#\/schema\/person\/487953ef27c6cd213f3880d2478bad4d"},"headline":"May 2023 : Heysel PRAS amendment soon to go to public enquiry","datePublished":"2023-08-16T17:06:43+00:00","dateModified":"2024-05-16T16:40:57+00:00","mainEntityOfPage":{"@id":"https:\/\/neobrussels.com\/en\/heysel-pras-amendment-soon-to-go-to-public-enquiry\/"},"wordCount":256,"commentCount":0,"publisher":{"@id":"https:\/\/neobrussels.com\/en\/#organization"},"image":{"@id":"https:\/\/neobrussels.com\/en\/heysel-pras-amendment-soon-to-go-to-public-enquiry\/#primaryimage"},"thumbnailUrl":"https:\/\/neobrussels.com\/wp-content\/uploads\/2023\/08\/visuelnewssite_2.jpg","articleSection":["News"],"inLanguage":"en-US","potentialAction":[{"@type":"CommentAction","name":"Comment","target":["https:\/\/neobrussels.com\/en\/heysel-pras-amendment-soon-to-go-to-public-enquiry\/#respond"]}]},{"@type":"WebPage","@id":"https:\/\/neobrussels.com\/en\/heysel-pras-amendment-soon-to-go-to-public-enquiry\/","url":"https:\/\/neobrussels.com\/en\/heysel-pras-amendment-soon-to-go-to-public-enquiry\/","name":"May 2023 : Heysel PRAS amendment soon to go to public enquiry - NEO","isPartOf":{"@id":"https:\/\/neobrussels.com\/en\/#website"},"primaryImageOfPage":{"@id":"https:\/\/neobrussels.com\/en\/heysel-pras-amendment-soon-to-go-to-public-enquiry\/#primaryimage"},"image":{"@id":"https:\/\/neobrussels.com\/en\/heysel-pras-amendment-soon-to-go-to-public-enquiry\/#primaryimage"},"thumbnailUrl":"https:\/\/neobrussels.com\/wp-content\/uploads\/2023\/08\/visuelnewssite_2.jpg","datePublished":"2023-08-16T17:06:43+00:00","dateModified":"2024-05-16T16:40:57+00:00","breadcrumb":{"@id":"https:\/\/neobrussels.com\/en\/heysel-pras-amendment-soon-to-go-to-public-enquiry\/#breadcrumb"},"inLanguage":"en-US","potentialAction":[{"@type":"ReadAction","target":["https:\/\/neobrussels.com\/en\/heysel-pras-amendment-soon-to-go-to-public-enquiry\/"]}]},{"@type":"ImageObject","inLanguage":"en-US","@id":"https:\/\/neobrussels.com\/en\/heysel-pras-amendment-soon-to-go-to-public-enquiry\/#primaryimage","url":"https:\/\/neobrussels.com\/wp-content\/uploads\/2023\/08\/visuelnewssite_2.jpg","contentUrl":"https:\/\/neobrussels.com\/wp-content\/uploads\/2023\/08\/visuelnewssite_2.jpg","width":800,"height":520},{"@type":"BreadcrumbList","@id":"https:\/\/neobrussels.com\/en\/heysel-pras-amendment-soon-to-go-to-public-enquiry\/#breadcrumb","itemListElement":[{"@type":"ListItem","position":1,"name":"Accueil","item":"https:\/\/neobrussels.com\/en\/"},{"@type":"ListItem","position":2,"name":"May 2023 : Heysel PRAS amendment soon to go to public enquiry"}]},{"@type":"WebSite","@id":"https:\/\/neobrussels.com\/en\/#website","url":"https:\/\/neobrussels.com\/en\/","name":"NEO Brussels","description":"D\u00e9veloppement et r\u00e9am\u00e9nagement du plateau du Heysel. Une nouvelle ambition pour Bruxelles.","publisher":{"@id":"https:\/\/neobrussels.com\/en\/#organization"},"potentialAction":[{"@type":"SearchAction","target":{"@type":"EntryPoint","urlTemplate":"https:\/\/neobrussels.com\/en\/?s={search_term_string}"},"query-input":{"@type":"PropertyValueSpecification","valueRequired":true,"valueName":"search_term_string"}}],"inLanguage":"en-US"},{"@type":"Organization","@id":"https:\/\/neobrussels.com\/en\/#organization","name":"NEO","url":"https:\/\/neobrussels.com\/en\/","logo":{"@type":"ImageObject","inLanguage":"en-US","@id":"https:\/\/neobrussels.com\/en\/#\/schema\/logo\/image\/","url":"https:\/\/neobrussels.com\/wp-content\/uploads\/2025\/01\/Sans-titre-2.png","contentUrl":"https:\/\/neobrussels.com\/wp-content\/uploads\/2025\/01\/Sans-titre-2.png","width":186,"height":228,"caption":"NEO"},"image":{"@id":"https:\/\/neobrussels.com\/en\/#\/schema\/logo\/image\/"},"sameAs":["https:\/\/www.linkedin.com\/company\/103968427\/admin\/dashboard\/"]},{"@type":"Person","@id":"https:\/\/neobrussels.com\/en\/#\/schema\/person\/487953ef27c6cd213f3880d2478bad4d","name":"info@neo.brussels","image":{"@type":"ImageObject","inLanguage":"en-US","@id":"https:\/\/neobrussels.com\/en\/#\/schema\/person\/image\/","url":"https:\/\/secure.gravatar.com\/avatar\/95da59236bf09eac8d31717f2a19fd0d?s=96&d=mm&r=g","contentUrl":"https:\/\/secure.gravatar.com\/avatar\/95da59236bf09eac8d31717f2a19fd0d?s=96&d=mm&r=g","caption":"info@neo.brussels"},"url":"https:\/\/neobrussels.com\/en\/author\/infoneo-brussels\/"}]}},"_links":{"self":[{"href":"https:\/\/neobrussels.com\/en\/wp-json\/wp\/v2\/posts\/2162","targetHints":{"allow":["GET"]}}],"collection":[{"href":"https:\/\/neobrussels.com\/en\/wp-json\/wp\/v2\/posts"}],"about":[{"href":"https:\/\/neobrussels.com\/en\/wp-json\/wp\/v2\/types\/post"}],"author":[{"embeddable":true,"href":"https:\/\/neobrussels.com\/en\/wp-json\/wp\/v2\/users\/2"}],"replies":[{"embeddable":true,"href":"https:\/\/neobrussels.com\/en\/wp-json\/wp\/v2\/comments?post=2162"}],"version-history":[{"count":2,"href":"https:\/\/neobrussels.com\/en\/wp-json\/wp\/v2\/posts\/2162\/revisions"}],"predecessor-version":[{"id":2363,"href":"https:\/\/neobrussels.com\/en\/wp-json\/wp\/v2\/posts\/2162\/revisions\/2363"}],"wp:featuredmedia":[{"embeddable":true,"href":"https:\/\/neobrussels.com\/en\/wp-json\/wp\/v2\/media\/2158"}],"wp:attachment":[{"href":"https:\/\/neobrussels.com\/en\/wp-json\/wp\/v2\/media?parent=2162"}],"wp:term":[{"taxonomy":"category","embeddable":true,"href":"https:\/\/neobrussels.com\/en\/wp-json\/wp\/v2\/categories?post=2162"},{"taxonomy":"post_tag","embeddable":true,"href":"https:\/\/neobrussels.com\/en\/wp-json\/wp\/v2\/tags?post=2162"}],"curies":[{"name":"wp","href":"https:\/\/api.w.org\/{rel}","templated":true}]}}